{"id":23299,"date":"2025-02-26T08:55:53","date_gmt":"2025-02-26T11:55:53","guid":{"rendered":"https:\/\/jm-metropole.com.br\/site\/?p=23299"},"modified":"2025-02-26T08:55:53","modified_gmt":"2025-02-26T11:55:53","slug":"veja-o-que-abre-e-o-que-fecha-no-carnaval-em-itaqua","status":"publish","type":"post","link":"https:\/\/jm-metropole.com.br\/site\/veja-o-que-abre-e-o-que-fecha-no-carnaval-em-itaqua\/","title":{"rendered":"Veja o que abre e o que fecha no Carnaval em Itaqu\u00e1"},"content":{"rendered":"<p>Servi\u00e7os essenciais ser\u00e3o mantidos<\/p>\n<p>A Prefeitura de Itaquaquecetuba n\u00e3o ter\u00e1 expediente administrativo durante o Carnaval, nos dias 3 e 4 de mar\u00e7o, que s\u00e3o pontos facultativos. O atendimento dos servi\u00e7os essenciais em unidades de urg\u00eancia e emerg\u00eancia (CS 24h, CSI e UPA), SAMU, ambul\u00e2ncias, coleta de lixo, Defesa Civil, GCM e cemit\u00e9rios ser\u00e3o mantidos. O expediente nas reparti\u00e7\u00f5es p\u00fablicas volta na Quarta-feira de Cinzas (5) a partir do meio-dia.<\/p>\n<p>As feiras livres v\u00e3o funcionar normalmente e o Parque Ecol\u00f3gico Mario do Canto vai abrir todos os dias, das 7h \u00e0s 17h, assim como os 20 ecopontos. A coleta seletiva porta a porta n\u00e3o vai funcionar na segunda (3) e retorna na ter\u00e7a (4), das 8h \u00e0s 17h. O restaurante Bom Prato abre na segunda (3), fecha na ter\u00e7a (4) e retorna na quarta (5).<\/p>\n<p>No s\u00e1bado (1\u00ba), das 14h \u00e0s 19h, ser\u00e1 realizada uma matin\u00ea de Carnaval na pra\u00e7a Padre Jo\u00e3o \u00c1lvares &#8211; Centro, que vai reunir blocos e marchinhas para animar os foli\u00f5es. Na mesma data e local, acontece a campanha \u201cN\u00e3o \u00e9 N\u00e3o\u201d, uma a\u00e7\u00e3o de conscientiza\u00e7\u00e3o com distribui\u00e7\u00e3o de adesivos contra ass\u00e9dio e importuna\u00e7\u00e3o sexual.<\/p>\n<p>Tamb\u00e9m no dia 1\u00ba, \u00e0s 10h, ser\u00e1 realizada a a\u00e7\u00e3o \u201cBloco da Preven\u00e7\u00e3o\u201d com a distribui\u00e7\u00e3o de preservativos e informativos na pra\u00e7a central, na Esta\u00e7\u00e3o Itaquaquecetuba da CPTM e no ped\u00e1gio da rodovia Ayrton Senna para que os foli\u00f5es aproveitem a festa com consci\u00eancia e responsabilidade. A iniciativa chama aten\u00e7\u00e3o para a import\u00e2ncia da preven\u00e7\u00e3o contra infec\u00e7\u00f5es sexualmente transmiss\u00edveis.<\/p>\n<p>A GCM seguir\u00e1 com refor\u00e7o no policiamento preventivo nas principais vias de acesso da cidade para o combate ao tr\u00e1fico de drogas e inibi\u00e7\u00e3o da perturba\u00e7\u00e3o do sossego p\u00fablico. J\u00e1 a Defesa Civil se manter\u00e1 em monitoramento e atendimento.<\/p>\n<p>Foto: Dayane Oliveira<\/p>\n","protected":false},"excerpt":{"rendered":"<p>Servi\u00e7os essenciais ser\u00e3o mantidos A Prefeitura de Itaquaquecetuba n\u00e3o ter\u00e1 expediente administrativo durante o Carnaval, nos dias 3 e 4 de mar\u00e7o, que s\u00e3o pontos facultativos. O atendimento dos servi\u00e7os essenciais em unidades de urg\u00eancia e emerg\u00eancia (CS 24h, CSI e UPA), SAMU, ambul\u00e2ncias, coleta de lixo, Defesa Civil, GCM e cemit\u00e9rios ser\u00e3o mantidos. O [&hellip;]<\/p>\n","protected":false},"author":1,"featured_media":23300,"comment_status":"open","ping_status":"open","sticky":false,"template":"","format":"standard","meta":{"footnotes":""},"categories":[6],"tags":[],"class_list":{"0":"post-23299","1":"post","2":"type-post","3":"status-publish","4":"format-standard","5":"has-post-thumbnail","7":"category-itaqua"},"_links":{"self":[{"href":"https:\/\/jm-metropole.com.br\/site\/wp-json\/wp\/v2\/posts\/23299","targetHints":{"allow":["GET"]}}],"collection":[{"href":"https:\/\/jm-metropole.com.br\/site\/wp-json\/wp\/v2\/posts"}],"about":[{"href":"https:\/\/jm-metropole.com.br\/site\/wp-json\/wp\/v2\/types\/post"}],"author":[{"embeddable":true,"href":"https:\/\/jm-metropole.com.br\/site\/wp-json\/wp\/v2\/users\/1"}],"replies":[{"embeddable":true,"href":"https:\/\/jm-metropole.com.br\/site\/wp-json\/wp\/v2\/comments?post=23299"}],"version-history":[{"count":1,"href":"https:\/\/jm-metropole.com.br\/site\/wp-json\/wp\/v2\/posts\/23299\/revisions"}],"predecessor-version":[{"id":23301,"href":"https:\/\/jm-metropole.com.br\/site\/wp-json\/wp\/v2\/posts\/23299\/revisions\/23301"}],"wp:featuredmedia":[{"embeddable":true,"href":"https:\/\/jm-metropole.com.br\/site\/wp-json\/wp\/v2\/media\/23300"}],"wp:attachment":[{"href":"https:\/\/jm-metropole.com.br\/site\/wp-json\/wp\/v2\/media?parent=23299"}],"wp:term":[{"taxonomy":"category","embeddable":true,"href":"https:\/\/jm-metropole.com.br\/site\/wp-json\/wp\/v2\/categories?post=23299"},{"taxonomy":"post_tag","embeddable":true,"href":"https:\/\/jm-metropole.com.br\/site\/wp-json\/wp\/v2\/tags?post=23299"}],"curies":[{"name":"wp","href":"https:\/\/api.w.org\/{rel}","templated":true}]}}