{"id":23295,"date":"2025-02-25T06:51:52","date_gmt":"2025-02-25T09:51:52","guid":{"rendered":"https:\/\/jm-metropole.com.br\/site\/?p=23295"},"modified":"2025-02-25T06:51:52","modified_gmt":"2025-02-25T09:51:52","slug":"vacina-contra-febre-amarela-esta-disponivel-em-todas-as-unidades-de-saude-de-guararema","status":"publish","type":"post","link":"https:\/\/jm-metropole.com.br\/site\/vacina-contra-febre-amarela-esta-disponivel-em-todas-as-unidades-de-saude-de-guararema\/","title":{"rendered":"Vacina contra febre amarela est\u00e1 dispon\u00edvel em todas as Unidades de Sa\u00fade de Guararema"},"content":{"rendered":"<p>Prefeitura de Guararema, por meio da Secretaria Municipal de Sa\u00fade, refor\u00e7a a import\u00e2ncia da imuniza\u00e7\u00e3o, especialmente para quem vai viajar para \u00e1reas de mata ou regi\u00f5es com circula\u00e7\u00e3o do v\u00edrus<\/p>\n<p>A Prefeitura de Guararema, por meio da Secretaria Municipal de Sa\u00fade, refor\u00e7a a vacina\u00e7\u00e3o contra a febre amarela. O imunizante, principal forma de prote\u00e7\u00e3o contra a doen\u00e7a, est\u00e1 dispon\u00edvel em todas as Unidades de Sa\u00fade e \u00e9 recomendado para pessoas entre 9 meses e 59 anos de idade. J\u00e1 os idosos devem, obrigatoriamente, passar por uma avalia\u00e7\u00e3o cl\u00ednica antes de tomar a vacina.<\/p>\n<p>A febre amarela \u00e9 transmitida pela picada de mosquitos infectados e pode causar sintomas como febre alta, dor de cabe\u00e7a, calafrios, fadiga, dores musculares, n\u00e1useas e v\u00f4mitos. Em casos mais graves, pode levar a complica\u00e7\u00f5es hep\u00e1ticas e renais, al\u00e9m de hemorragias.<\/p>\n<p>Quem ainda n\u00e3o se vacinou deve procurar o Cesap, a UBS Jardim Dulce ou a UBS Lambari o quanto antes, principalmente aqueles que pretendem viajar para \u00e1reas de mata ou regi\u00f5es com circula\u00e7\u00e3o do v\u00edrus. \u00c9 recomendado que a imuniza\u00e7\u00e3o ocorra pelo menos 10 dias antes da viagem, garantindo prote\u00e7\u00e3o adequada contra a febre amarela.<\/p>\n<p>Outras medidas preventivas s\u00e3o o uso de roupas compridas, aplica\u00e7\u00e3o de repelente e evitar circular em locais pr\u00f3ximos a matas e rios sem a devida prote\u00e7\u00e3o. O uso de mosquiteiros tamb\u00e9m \u00e9 indicado para crian\u00e7as menores de seis meses, que ainda n\u00e3o podem receber a imuniza\u00e7\u00e3o.<\/p>\n<p>A Prefeitura de Guararema refor\u00e7a que a vacina\u00e7\u00e3o \u00e9 segura e gratuita. Moradores que ainda n\u00e3o receberam a dose ou t\u00eam d\u00favidas sobre a situa\u00e7\u00e3o vacinal devem procurar a Unidade de Sa\u00fade mais pr\u00f3xima para atualiza\u00e7\u00e3o da caderneta. Mais informa\u00e7\u00f5es sobre o tema podem ser obtidas pelo telefone (11) 4693-8040, da Secretaria Municipal de Sa\u00fade, ou pelos telefones (11) 4693-8570, do Cesap; (11) 4693-3448 e (11) 4693-3484, da UBS Lambari; (11) 4693-6147 e (11) 4693-5964, da UBS Jardim Dulce.<\/p>\n","protected":false},"excerpt":{"rendered":"<p>Prefeitura de Guararema, por meio da Secretaria Municipal de Sa\u00fade, refor\u00e7a a import\u00e2ncia da imuniza\u00e7\u00e3o, especialmente para quem vai viajar para \u00e1reas de mata ou regi\u00f5es com circula\u00e7\u00e3o do v\u00edrus A Prefeitura de Guararema, por meio da Secretaria Municipal de Sa\u00fade, refor\u00e7a a vacina\u00e7\u00e3o contra a febre amarela. O imunizante, principal forma de prote\u00e7\u00e3o contra [&hellip;]<\/p>\n","protected":false},"author":1,"featured_media":23296,"comment_status":"open","ping_status":"open","sticky":false,"template":"","format":"standard","meta":{"footnotes":""},"categories":[8],"tags":[],"class_list":{"0":"post-23295","1":"post","2":"type-post","3":"status-publish","4":"format-standard","5":"has-post-thumbnail","7":"category-guararema"},"_links":{"self":[{"href":"https:\/\/jm-metropole.com.br\/site\/wp-json\/wp\/v2\/posts\/23295","targetHints":{"allow":["GET"]}}],"collection":[{"href":"https:\/\/jm-metropole.com.br\/site\/wp-json\/wp\/v2\/posts"}],"about":[{"href":"https:\/\/jm-metropole.com.br\/site\/wp-json\/wp\/v2\/types\/post"}],"author":[{"embeddable":true,"href":"https:\/\/jm-metropole.com.br\/site\/wp-json\/wp\/v2\/users\/1"}],"replies":[{"embeddable":true,"href":"https:\/\/jm-metropole.com.br\/site\/wp-json\/wp\/v2\/comments?post=23295"}],"version-history":[{"count":1,"href":"https:\/\/jm-metropole.com.br\/site\/wp-json\/wp\/v2\/posts\/23295\/revisions"}],"predecessor-version":[{"id":23297,"href":"https:\/\/jm-metropole.com.br\/site\/wp-json\/wp\/v2\/posts\/23295\/revisions\/23297"}],"wp:featuredmedia":[{"embeddable":true,"href":"https:\/\/jm-metropole.com.br\/site\/wp-json\/wp\/v2\/media\/23296"}],"wp:attachment":[{"href":"https:\/\/jm-metropole.com.br\/site\/wp-json\/wp\/v2\/media?parent=23295"}],"wp:term":[{"taxonomy":"category","embeddable":true,"href":"https:\/\/jm-metropole.com.br\/site\/wp-json\/wp\/v2\/categories?post=23295"},{"taxonomy":"post_tag","embeddable":true,"href":"https:\/\/jm-metropole.com.br\/site\/wp-json\/wp\/v2\/tags?post=23295"}],"curies":[{"name":"wp","href":"https:\/\/api.w.org\/{rel}","templated":true}]}}