{"id":23250,"date":"2025-02-20T07:46:27","date_gmt":"2025-02-20T10:46:27","guid":{"rendered":"https:\/\/jm-metropole.com.br\/site\/?p=23250"},"modified":"2025-02-20T07:46:27","modified_gmt":"2025-02-20T10:46:27","slug":"bloco-do-chocalho-faz-a-alegria-das-criancas-e-familias-em-guarulhos","status":"publish","type":"post","link":"https:\/\/jm-metropole.com.br\/site\/bloco-do-chocalho-faz-a-alegria-das-criancas-e-familias-em-guarulhos\/","title":{"rendered":"Bloco do Chocalho faz a alegria das crian\u00e7as e fam\u00edlias em Guarulhos"},"content":{"rendered":"<p>Pais e fam\u00edlias que buscam um ambiente adequado para curtir o carnaval em Guarulhos, trazendo consigo suas crian\u00e7as, fiquem tranquilos: o Bloco do Chocalho est\u00e1 de volta e vai receber os foli\u00f5es, adultos e mirins, no domingo, dia 23 de fevereiro, a partir das 10h, na Rua Maria Tereza, 515, Santa Mena.<\/p>\n<p>O evento \u00e9 gratuito e chega \u00e0 sua 8\u00aa edi\u00e7\u00e3o. Em 2024, cerca de dez mil pessoas aproveitaram o festejo. O p\u00fablico mais comum s\u00e3o crian\u00e7as acompanhadas de seus pais, av\u00f3s, tios, padrinhos e madrinhas.<\/p>\n<p>O evento \u00e9 organizado pelo Espa\u00e7o de Brincar P\u00e9 no Ch\u00e3o, uma iniciativa educacional focada na primeira inf\u00e2ncia, com apoio da Prefeitura e da iniciativa privada. Sob a coordena\u00e7\u00e3o da pedagoga Gabriela Carvalho, o bloquinho foi idealizado para as crian\u00e7as brincarem. Os adultos, jovens e idosos de suas fam\u00edlias tamb\u00e9m se divertem.<\/p>\n<p>Em meio a fantasias, cabelos coloridos, serpentina e marchinhas carnavalescas das d\u00e9cadas de ouro, os foli\u00f5es que frequentam o Bloco do Chocalho mant\u00eam viva a intera\u00e7\u00e3o social que a festa popular proporciona, sem com isso distorcer a inf\u00e2ncia das crian\u00e7as.<\/p>\n<p>\u201cO Bloco do Chocalho surgiu em 2016 para conscientizar sobre a import\u00e2ncia da crian\u00e7a ser respeitada enquanto indiv\u00edduo, promover a intera\u00e7\u00e3o social entre elas valorizando a cultura e proporcionar viv\u00eancias coletivas. O bloquinho foi feito para a crian\u00e7a brincar, se divertir e ocupar a rua em seguran\u00e7a, com suas fam\u00edlias\u201d, explica Gabriela Carvalho.<\/p>\n<p>Frequentador do bloco desde 2019, junto com seu filho Miguel, de 07 anos, o jornalista Guto Tavares compartilha sua experi\u00eancia. \u201c\u00c9 um sentimento meio m\u00e1gico, l\u00fadico, tem valor cultural. \u00c9 \u00f3timo vivenciar essa alegria, ver as crian\u00e7as ocuparem as ruas, livremente se divertindo\u201d, comenta.<\/p>\n<p>Servi\u00e7o:<br \/>\nO Bloco do Chocalho re\u00fane os foli\u00f5es no domingo, dia 23 de fevereiro, das 10h \u00e0s 15h. A concentra\u00e7\u00e3o acontece na Rua Maria Tereza, 515, Santa Mena. No local h\u00e1 trio el\u00e9trico, banheiro, frald\u00e1rio e estrutura para o consumo de alimentos, sucos, \u00e1gua e outras bebidas. Mais informa\u00e7\u00f5es: 11 98946-5696 \/\/ e-mail: penochaoespacodebrincar@gmail.com<\/p>\n","protected":false},"excerpt":{"rendered":"<p>Pais e fam\u00edlias que buscam um ambiente adequado para curtir o carnaval em Guarulhos, trazendo consigo suas crian\u00e7as, fiquem tranquilos: o Bloco do Chocalho est\u00e1 de volta e vai receber os foli\u00f5es, adultos e mirins, no domingo, dia 23 de fevereiro, a partir das 10h, na Rua Maria Tereza, 515, Santa Mena. O evento \u00e9 [&hellip;]<\/p>\n","protected":false},"author":1,"featured_media":23252,"comment_status":"open","ping_status":"open","sticky":false,"template":"","format":"standard","meta":{"footnotes":""},"categories":[3],"tags":[],"class_list":{"0":"post-23250","1":"post","2":"type-post","3":"status-publish","4":"format-standard","5":"has-post-thumbnail","7":"category-guarulhos"},"_links":{"self":[{"href":"https:\/\/jm-metropole.com.br\/site\/wp-json\/wp\/v2\/posts\/23250","targetHints":{"allow":["GET"]}}],"collection":[{"href":"https:\/\/jm-metropole.com.br\/site\/wp-json\/wp\/v2\/posts"}],"about":[{"href":"https:\/\/jm-metropole.com.br\/site\/wp-json\/wp\/v2\/types\/post"}],"author":[{"embeddable":true,"href":"https:\/\/jm-metropole.com.br\/site\/wp-json\/wp\/v2\/users\/1"}],"replies":[{"embeddable":true,"href":"https:\/\/jm-metropole.com.br\/site\/wp-json\/wp\/v2\/comments?post=23250"}],"version-history":[{"count":1,"href":"https:\/\/jm-metropole.com.br\/site\/wp-json\/wp\/v2\/posts\/23250\/revisions"}],"predecessor-version":[{"id":23253,"href":"https:\/\/jm-metropole.com.br\/site\/wp-json\/wp\/v2\/posts\/23250\/revisions\/23253"}],"wp:featuredmedia":[{"embeddable":true,"href":"https:\/\/jm-metropole.com.br\/site\/wp-json\/wp\/v2\/media\/23252"}],"wp:attachment":[{"href":"https:\/\/jm-metropole.com.br\/site\/wp-json\/wp\/v2\/media?parent=23250"}],"wp:term":[{"taxonomy":"category","embeddable":true,"href":"https:\/\/jm-metropole.com.br\/site\/wp-json\/wp\/v2\/categories?post=23250"},{"taxonomy":"post_tag","embeddable":true,"href":"https:\/\/jm-metropole.com.br\/site\/wp-json\/wp\/v2\/tags?post=23250"}],"curies":[{"name":"wp","href":"https:\/\/api.w.org\/{rel}","templated":true}]}}