{"id":23244,"date":"2025-02-19T16:32:55","date_gmt":"2025-02-19T19:32:55","guid":{"rendered":"https:\/\/jm-metropole.com.br\/site\/?p=23244"},"modified":"2025-02-19T16:32:55","modified_gmt":"2025-02-19T19:32:55","slug":"capacitacao-para-empresarios-atuarem-com-exportacao-esta-com-inscricoes-abertas","status":"publish","type":"post","link":"https:\/\/jm-metropole.com.br\/site\/capacitacao-para-empresarios-atuarem-com-exportacao-esta-com-inscricoes-abertas\/","title":{"rendered":"Capacita\u00e7\u00e3o para empres\u00e1rios atuarem com exporta\u00e7\u00e3o est\u00e1 com inscri\u00e7\u00f5es abertas"},"content":{"rendered":"<p>Programa \u00e9 oferecido pelo governo estadual<\/p>\n<p>O programa estadual Exporta SP, executado pelo InvestSP, ag\u00eancia de promo\u00e7\u00e3o de investimentos vinculada ao Estado, est\u00e1 com inscri\u00e7\u00f5es abertas para uma capacita\u00e7\u00e3o que busca preparar micro, pequenas e m\u00e9dias empresas, al\u00e9m de produtores rurais paulistas, para acessar o mercado internacional.<\/p>\n<p>Um dos objetivos da iniciativa \u00e9 aumentar a competitividade, o faturamento e a seguran\u00e7a das empresas, que, ao acessarem o mercado internacional, passam a desenvolver novas habilidades e ampliam suas fontes de receita.<\/p>\n<p>A Prefeitura de Itaquaquecetuba, por meio da Secretaria de Emprego e Desenvolvimento Econ\u00f4mico, orienta os empres\u00e1rios do munic\u00edpio a participarem do processo seletivo. As inscri\u00e7\u00f5es devem ser feitas at\u00e9 10 de mar\u00e7o pelo formul\u00e1rio bit.ly\/venhaexportar.<\/p>\n<p>O Exporta SP ser\u00e1 oferecido gratuitamente, a partir de abril, no formato on-line. Intelig\u00eancia comercial, marketing internacional, forma\u00e7\u00e3o de pre\u00e7os, log\u00edstica e contratos globais ser\u00e3o alguns dos temas abordados.<\/p>\n<p>Al\u00e9m de aulas com professores da Funda\u00e7\u00e3o Instituto de Administra\u00e7\u00e3o (FIA), ser\u00e1 poss\u00edvel acessar mentorias individuais. \u201cTrata-se de uma excelente oportunidade para aumentar a competitividade das empresas por meio da conquista de novos mercados\u201d, destacou o prefeito Eduardo Boigues.<\/p>\n<p>\u201cO mundo est\u00e1 cada vez mais globalizado e essa \u00e9 uma oportunidade para que empres\u00e1rios ampliem os horizontes com especialistas em com\u00e9rcio internacional, visando a diversifica\u00e7\u00e3o do mercado\u201d, acrescentou secret\u00e1rio de Emprego e Desenvolvimento Econ\u00f4mico, Luciano D\u00e1vila.<\/p>\n<p>O programa s\u00f3 permite a participa\u00e7\u00e3o de uma pessoa por empresa com sede no estado de S\u00e3o Paulo. Ap\u00f3s o cadastro, ser\u00e1 feita uma an\u00e1lise de maturidade empresarial para selecionar os participantes aptos para a capacita\u00e7\u00e3o.<\/p>\n<p>A dura\u00e7\u00e3o \u00e9 de quatro meses, com duas aulas por semana, totalizando 20 encontros. Depois da capacita\u00e7\u00e3o, as empresas recebem acompanhamento por dois anos para orienta\u00e7\u00f5es, conex\u00f5es e oportunidades.<\/p>\n<p>Fotos: Eduardo Borges<\/p>\n","protected":false},"excerpt":{"rendered":"<p>Programa \u00e9 oferecido pelo governo estadual O programa estadual Exporta SP, executado pelo InvestSP, ag\u00eancia de promo\u00e7\u00e3o de investimentos vinculada ao Estado, est\u00e1 com inscri\u00e7\u00f5es abertas para uma capacita\u00e7\u00e3o que busca preparar micro, pequenas e m\u00e9dias empresas, al\u00e9m de produtores rurais paulistas, para acessar o mercado internacional. Um dos objetivos da iniciativa \u00e9 aumentar a [&hellip;]<\/p>\n","protected":false},"author":1,"featured_media":23245,"comment_status":"open","ping_status":"open","sticky":false,"template":"","format":"standard","meta":{"footnotes":""},"categories":[6],"tags":[],"class_list":{"0":"post-23244","1":"post","2":"type-post","3":"status-publish","4":"format-standard","5":"has-post-thumbnail","7":"category-itaqua"},"_links":{"self":[{"href":"https:\/\/jm-metropole.com.br\/site\/wp-json\/wp\/v2\/posts\/23244","targetHints":{"allow":["GET"]}}],"collection":[{"href":"https:\/\/jm-metropole.com.br\/site\/wp-json\/wp\/v2\/posts"}],"about":[{"href":"https:\/\/jm-metropole.com.br\/site\/wp-json\/wp\/v2\/types\/post"}],"author":[{"embeddable":true,"href":"https:\/\/jm-metropole.com.br\/site\/wp-json\/wp\/v2\/users\/1"}],"replies":[{"embeddable":true,"href":"https:\/\/jm-metropole.com.br\/site\/wp-json\/wp\/v2\/comments?post=23244"}],"version-history":[{"count":1,"href":"https:\/\/jm-metropole.com.br\/site\/wp-json\/wp\/v2\/posts\/23244\/revisions"}],"predecessor-version":[{"id":23246,"href":"https:\/\/jm-metropole.com.br\/site\/wp-json\/wp\/v2\/posts\/23244\/revisions\/23246"}],"wp:featuredmedia":[{"embeddable":true,"href":"https:\/\/jm-metropole.com.br\/site\/wp-json\/wp\/v2\/media\/23245"}],"wp:attachment":[{"href":"https:\/\/jm-metropole.com.br\/site\/wp-json\/wp\/v2\/media?parent=23244"}],"wp:term":[{"taxonomy":"category","embeddable":true,"href":"https:\/\/jm-metropole.com.br\/site\/wp-json\/wp\/v2\/categories?post=23244"},{"taxonomy":"post_tag","embeddable":true,"href":"https:\/\/jm-metropole.com.br\/site\/wp-json\/wp\/v2\/tags?post=23244"}],"curies":[{"name":"wp","href":"https:\/\/api.w.org\/{rel}","templated":true}]}}