{"id":23238,"date":"2025-02-19T16:30:23","date_gmt":"2025-02-19T19:30:23","guid":{"rendered":"https:\/\/jm-metropole.com.br\/site\/?p=23238"},"modified":"2025-02-19T16:30:23","modified_gmt":"2025-02-19T19:30:23","slug":"aruja-fomenta-politica-habitacional-com-adesao-ao-programa-estadual-casa-paulista","status":"publish","type":"post","link":"https:\/\/jm-metropole.com.br\/site\/aruja-fomenta-politica-habitacional-com-adesao-ao-programa-estadual-casa-paulista\/","title":{"rendered":"Aruj\u00e1 fomenta pol\u00edtica habitacional com ades\u00e3o ao Programa Estadual Casa Paulista"},"content":{"rendered":"<p>Nesta semana, o prefeito de Aruj\u00e1, Luis Camargo, o Dr Camargo, representou a Prefeitura na Secretaria de Estado de Desenvolvimento Urbano e Habita\u00e7\u00e3o, ao lado do secret\u00e1rio-adjunto de Habita\u00e7\u00e3o da cidade, Vin\u00edcius Pateta, e do diretor-geral do Executivo Municipal, Marcos Regueiro, onde trataram da ades\u00e3o do munic\u00edpio ao Programa Estadual &#8220;Casa Paulista&#8221;, um dos maiores programas habitacionais do Estado de S\u00e3o Paulo. Na ocasi\u00e3o, eles foram recepcionados pelo secret\u00e1rio estadual da pasta, Marcelo Branco.<\/p>\n<p>&#8220;O Casa Paulista \u00e9 um programa que incentiva a constru\u00e7\u00e3o de casas e apartamentos para fam\u00edlias de baixa renda, oferecendo subs\u00eddios e facilitando o acesso \u00e0 moradia digna. Uma oportunidade para milhares de fam\u00edlias realizarem o sonho da casa pr\u00f3pria&#8221;, explicou o prefeito Camargo.<\/p>\n<p>O programa conta com duas modalidades principais, sendo a CCI (Carta de Cr\u00e9dito Individual, que concede subs\u00eddios financeiros para fam\u00edlias com renda de at\u00e9 tr\u00eas sal\u00e1rios-m\u00ednimos adquirirem a casa pr\u00f3pria, em parceria com a Caixa Econ\u00f4mica Federal, sem sorteio e com condi\u00e7\u00f5es acess\u00edveis e a de Pre\u00e7o Social, que \u00e9 uma parceria entre os governos estadual, municipal, federal e a iniciativa privada, garantindo moradias a pre\u00e7o reduzido em terrenos p\u00fablicos, facilitando ainda mais a aquisi\u00e7\u00e3o da moradia.<\/p>\n<p>O chefe do Executivo arujaense destacou que essas a\u00e7\u00f5es reafirmam o compromisso da atual gest\u00e3o de garantir mais dignidade, seguran\u00e7a e qualidade de vida para quem mais precisa. &#8220;Seguimos firmes, trabalhando por uma Aruj\u00e1 com mais moradia e oportunidades para todos&#8221;, destacou.<\/p>\n","protected":false},"excerpt":{"rendered":"<p>Nesta semana, o prefeito de Aruj\u00e1, Luis Camargo, o Dr Camargo, representou a Prefeitura na Secretaria de Estado de Desenvolvimento Urbano e Habita\u00e7\u00e3o, ao lado do secret\u00e1rio-adjunto de Habita\u00e7\u00e3o da cidade, Vin\u00edcius Pateta, e do diretor-geral do Executivo Municipal, Marcos Regueiro, onde trataram da ades\u00e3o do munic\u00edpio ao Programa Estadual &#8220;Casa Paulista&#8221;, um dos maiores [&hellip;]<\/p>\n","protected":false},"author":1,"featured_media":23239,"comment_status":"open","ping_status":"open","sticky":false,"template":"","format":"standard","meta":{"footnotes":""},"categories":[4],"tags":[],"class_list":{"0":"post-23238","1":"post","2":"type-post","3":"status-publish","4":"format-standard","5":"has-post-thumbnail","7":"category-aruja"},"_links":{"self":[{"href":"https:\/\/jm-metropole.com.br\/site\/wp-json\/wp\/v2\/posts\/23238","targetHints":{"allow":["GET"]}}],"collection":[{"href":"https:\/\/jm-metropole.com.br\/site\/wp-json\/wp\/v2\/posts"}],"about":[{"href":"https:\/\/jm-metropole.com.br\/site\/wp-json\/wp\/v2\/types\/post"}],"author":[{"embeddable":true,"href":"https:\/\/jm-metropole.com.br\/site\/wp-json\/wp\/v2\/users\/1"}],"replies":[{"embeddable":true,"href":"https:\/\/jm-metropole.com.br\/site\/wp-json\/wp\/v2\/comments?post=23238"}],"version-history":[{"count":1,"href":"https:\/\/jm-metropole.com.br\/site\/wp-json\/wp\/v2\/posts\/23238\/revisions"}],"predecessor-version":[{"id":23240,"href":"https:\/\/jm-metropole.com.br\/site\/wp-json\/wp\/v2\/posts\/23238\/revisions\/23240"}],"wp:featuredmedia":[{"embeddable":true,"href":"https:\/\/jm-metropole.com.br\/site\/wp-json\/wp\/v2\/media\/23239"}],"wp:attachment":[{"href":"https:\/\/jm-metropole.com.br\/site\/wp-json\/wp\/v2\/media?parent=23238"}],"wp:term":[{"taxonomy":"category","embeddable":true,"href":"https:\/\/jm-metropole.com.br\/site\/wp-json\/wp\/v2\/categories?post=23238"},{"taxonomy":"post_tag","embeddable":true,"href":"https:\/\/jm-metropole.com.br\/site\/wp-json\/wp\/v2\/tags?post=23238"}],"curies":[{"name":"wp","href":"https:\/\/api.w.org\/{rel}","templated":true}]}}