{"id":23229,"date":"2025-02-19T08:24:51","date_gmt":"2025-02-19T11:24:51","guid":{"rendered":"https:\/\/jm-metropole.com.br\/site\/?p=23229"},"modified":"2025-02-19T08:24:51","modified_gmt":"2025-02-19T11:24:51","slug":"denuncia-de-nepotismo-na-prefeitura-de-santa-isabel","status":"publish","type":"post","link":"https:\/\/jm-metropole.com.br\/site\/denuncia-de-nepotismo-na-prefeitura-de-santa-isabel\/","title":{"rendered":"Den\u00fancia de Nepotismo na Prefeitura de Santa Isabel"},"content":{"rendered":"<p>A denuncia afirma que Gest\u00e3o de Dr. Carlos Chinchilla Nomeia Familiares para Cargos de Confian\u00e7a<\/p>\n<p>o JM Metr\u00f3pole recebeu denuncias sobre suposta pr\u00e1tica de nepotismo na atual gest\u00e3o Santa Isabel. De acordo com a den\u00fancia, diversas nomea\u00e7\u00f5es de familiares para cargos de confian\u00e7a, tem sido feitas na gest\u00e3o do Dr. Carlos Chinchilla.<\/p>\n<p>A den\u00fancia destaca algumas situa\u00e7\u00f5es espec\u00edficas como,\u00a0a nomea\u00e7\u00e3o de Luciana Saraiva de Souza Superti para o cargo de Coordenador de Coordenadoria de Administra\u00e7\u00e3o e Finan\u00e7as, conforme a Portaria n\u00ba 20.553, de 15 de junho de 2021. Luciana \u00e9 irm\u00e3 de Rog\u00e9rio Saraiva de Souza, que foi designado para a fun\u00e7\u00e3o de Coordenador Pedag\u00f3gico na Rede Municipal de Ensino pela Portaria n\u00ba 21.847, de 20 de fevereiro de 2024, na EMEA Escola Municipal de Educa\u00e7\u00e3o Ambiental.<\/p>\n<p>Outro caso relevante \u00e9 a nomea\u00e7\u00e3o de Felipe Marchini Martins para o cargo de Assistente de Gabinete pela Portaria n\u00ba 21.122, de 07 de julho de 2022. Felipe \u00e9 filho de Domingos Martins de Oliveira, que, por sua vez, foi nomeado Secret\u00e1rio Municipal de Seguran\u00e7a e Tr\u00e2nsito por meio da Portaria n\u00ba 21.506, de 04 de abril de 2023. Martins tamb\u00e9m \u00e9 irm\u00e3o do vereador &#8220;Z\u00e9 da Mula&#8221;, o que amplia as suspeitas de favorecimento.<\/p>\n<p>Al\u00e9m disso, ainda de acordo com a den\u00fancia, foi constatada a nomea\u00e7\u00e3o de Eliane da Silva Batista, para o cargo de Supervisor de Ensino, conforme a Portaria n\u00ba 20.141, de 06 de janeiro de 2021. Posteriormente, Cristina da Silva Batista, sua irm\u00e3, foi nomeada para o mesmo cargo por meio da Portaria n\u00ba 22.385, de 10 de fevereiro de 2025.<\/p>\n<p>Os denunciantes afirmam que todas essas nomea\u00e7\u00f5es configuram uma rede de parentesco que compromete os princ\u00edpios da impessoalidade e moralidade administrativa, levantando s\u00e9rias d\u00favidas sobre a transpar\u00eancia e a \u00e9tica na atual gest\u00e3o municipal. A pr\u00e1tica de nepotismo, vedada pela S\u00famula Vinculante n\u00ba 13 do Supremo Tribunal Federal, indica favorecimento pessoal e uso da m\u00e1quina p\u00fablica para benef\u00edcios familiares, um fato que merece ser investigado pelos \u00f3rg\u00e3os competentes e discutido amplamente pela sociedade isabelense.<\/p>\n","protected":false},"excerpt":{"rendered":"<p>A denuncia afirma que Gest\u00e3o de Dr. Carlos Chinchilla Nomeia Familiares para Cargos de Confian\u00e7a o JM Metr\u00f3pole recebeu denuncias sobre suposta pr\u00e1tica de nepotismo na atual gest\u00e3o Santa Isabel. De acordo com a den\u00fancia, diversas nomea\u00e7\u00f5es de familiares para cargos de confian\u00e7a, tem sido feitas na gest\u00e3o do Dr. Carlos Chinchilla. A den\u00fancia destaca [&hellip;]<\/p>\n","protected":false},"author":1,"featured_media":23230,"comment_status":"open","ping_status":"open","sticky":false,"template":"","format":"standard","meta":{"footnotes":""},"categories":[5],"tags":[],"class_list":{"0":"post-23229","1":"post","2":"type-post","3":"status-publish","4":"format-standard","5":"has-post-thumbnail","7":"category-santa-isabel"},"_links":{"self":[{"href":"https:\/\/jm-metropole.com.br\/site\/wp-json\/wp\/v2\/posts\/23229","targetHints":{"allow":["GET"]}}],"collection":[{"href":"https:\/\/jm-metropole.com.br\/site\/wp-json\/wp\/v2\/posts"}],"about":[{"href":"https:\/\/jm-metropole.com.br\/site\/wp-json\/wp\/v2\/types\/post"}],"author":[{"embeddable":true,"href":"https:\/\/jm-metropole.com.br\/site\/wp-json\/wp\/v2\/users\/1"}],"replies":[{"embeddable":true,"href":"https:\/\/jm-metropole.com.br\/site\/wp-json\/wp\/v2\/comments?post=23229"}],"version-history":[{"count":1,"href":"https:\/\/jm-metropole.com.br\/site\/wp-json\/wp\/v2\/posts\/23229\/revisions"}],"predecessor-version":[{"id":23231,"href":"https:\/\/jm-metropole.com.br\/site\/wp-json\/wp\/v2\/posts\/23229\/revisions\/23231"}],"wp:featuredmedia":[{"embeddable":true,"href":"https:\/\/jm-metropole.com.br\/site\/wp-json\/wp\/v2\/media\/23230"}],"wp:attachment":[{"href":"https:\/\/jm-metropole.com.br\/site\/wp-json\/wp\/v2\/media?parent=23229"}],"wp:term":[{"taxonomy":"category","embeddable":true,"href":"https:\/\/jm-metropole.com.br\/site\/wp-json\/wp\/v2\/categories?post=23229"},{"taxonomy":"post_tag","embeddable":true,"href":"https:\/\/jm-metropole.com.br\/site\/wp-json\/wp\/v2\/tags?post=23229"}],"curies":[{"name":"wp","href":"https:\/\/api.w.org\/{rel}","templated":true}]}}