{"id":23226,"date":"2025-02-18T18:39:55","date_gmt":"2025-02-18T21:39:55","guid":{"rendered":"https:\/\/jm-metropole.com.br\/site\/?p=23226"},"modified":"2025-02-18T18:39:55","modified_gmt":"2025-02-18T21:39:55","slug":"saude-nos-bairros-atendera-nesta-semana-o-bairro-do-retiro-nos-dias-18-19-e-20","status":"publish","type":"post","link":"https:\/\/jm-metropole.com.br\/site\/saude-nos-bairros-atendera-nesta-semana-o-bairro-do-retiro-nos-dias-18-19-e-20\/","title":{"rendered":"SA\u00daDE NOS BAIRROS ATENDER\u00c1 NESTA SEMANA O BAIRRO DO RETIRO NOS DIAS 18, 19 e 20"},"content":{"rendered":"<p>A Prefeitura de Aruj\u00e1, por meio das equipes da Sa\u00fade, continua com o Programa Municipal \u201cSa\u00fade nos Bairros\u201d, que atender\u00e1 os moradores do bairro do Retiro e arredores entre os dias 19 e 20 deste m\u00eas. A unidade m\u00f3vel de sa\u00fade ficar\u00e1 na Escola Municipal do Bairro do Retiro, localizada na Rua Ang\u00e9lica Cotrim, n\u00ba 08.<\/p>\n<p>Confira os atendimentos programados para cada dia:<\/p>\n<p>&#8211; Ter\u00e7a-feira (18)<br \/>\nAtendimento ginecol\u00f3gico das 09h \u00e0s 12h<br \/>\nAtendimento cl\u00ednico geral das 13h30 \u00e0s 15h<br \/>\n&#8211; Quarta-feira (19)<br \/>\nAtendimento pedi\u00e1trico das 09h \u00e0s 12h<br \/>\nAtendimento pedi\u00e1trico das 13h30 \u00e0s 15h<br \/>\n&#8211; Quinta-feira (20)<br \/>\nAtendimento cl\u00ednico geral das 09h \u00e0s 12h<\/p>\n<p>Os atendimentos s\u00e3o realizados por meio de agendamento pr\u00e9vio. Para ser atendido, \u00e9 necess\u00e1rio apresentar comprovante de endere\u00e7o, Cart\u00e3o SUS, documento com foto e CPF.<\/p>\n","protected":false},"excerpt":{"rendered":"<p>A Prefeitura de Aruj\u00e1, por meio das equipes da Sa\u00fade, continua com o Programa Municipal \u201cSa\u00fade nos Bairros\u201d, que atender\u00e1 os moradores do bairro do Retiro e arredores entre os dias 19 e 20 deste m\u00eas. A unidade m\u00f3vel de sa\u00fade ficar\u00e1 na Escola Municipal do Bairro do Retiro, localizada na Rua Ang\u00e9lica Cotrim, n\u00ba [&hellip;]<\/p>\n","protected":false},"author":1,"featured_media":23227,"comment_status":"open","ping_status":"open","sticky":false,"template":"","format":"standard","meta":{"footnotes":""},"categories":[4],"tags":[],"class_list":{"0":"post-23226","1":"post","2":"type-post","3":"status-publish","4":"format-standard","5":"has-post-thumbnail","7":"category-aruja"},"_links":{"self":[{"href":"https:\/\/jm-metropole.com.br\/site\/wp-json\/wp\/v2\/posts\/23226","targetHints":{"allow":["GET"]}}],"collection":[{"href":"https:\/\/jm-metropole.com.br\/site\/wp-json\/wp\/v2\/posts"}],"about":[{"href":"https:\/\/jm-metropole.com.br\/site\/wp-json\/wp\/v2\/types\/post"}],"author":[{"embeddable":true,"href":"https:\/\/jm-metropole.com.br\/site\/wp-json\/wp\/v2\/users\/1"}],"replies":[{"embeddable":true,"href":"https:\/\/jm-metropole.com.br\/site\/wp-json\/wp\/v2\/comments?post=23226"}],"version-history":[{"count":1,"href":"https:\/\/jm-metropole.com.br\/site\/wp-json\/wp\/v2\/posts\/23226\/revisions"}],"predecessor-version":[{"id":23228,"href":"https:\/\/jm-metropole.com.br\/site\/wp-json\/wp\/v2\/posts\/23226\/revisions\/23228"}],"wp:featuredmedia":[{"embeddable":true,"href":"https:\/\/jm-metropole.com.br\/site\/wp-json\/wp\/v2\/media\/23227"}],"wp:attachment":[{"href":"https:\/\/jm-metropole.com.br\/site\/wp-json\/wp\/v2\/media?parent=23226"}],"wp:term":[{"taxonomy":"category","embeddable":true,"href":"https:\/\/jm-metropole.com.br\/site\/wp-json\/wp\/v2\/categories?post=23226"},{"taxonomy":"post_tag","embeddable":true,"href":"https:\/\/jm-metropole.com.br\/site\/wp-json\/wp\/v2\/tags?post=23226"}],"curies":[{"name":"wp","href":"https:\/\/api.w.org\/{rel}","templated":true}]}}