{"id":23223,"date":"2025-02-18T18:39:08","date_gmt":"2025-02-18T21:39:08","guid":{"rendered":"https:\/\/jm-metropole.com.br\/site\/?p=23223"},"modified":"2025-02-18T18:39:08","modified_gmt":"2025-02-18T21:39:08","slug":"cabeca-fala-na-camara-e-pede-dialogo-politico-e-social","status":"publish","type":"post","link":"https:\/\/jm-metropole.com.br\/site\/cabeca-fala-na-camara-e-pede-dialogo-politico-e-social\/","title":{"rendered":"Cabe\u00e7a fala na C\u00e2mara e pede di\u00e1logo pol\u00edtico e social"},"content":{"rendered":"<p>Segunda, dia 17, a Tribuna da C\u00e2mara Municipal foi utilizada por Josinaldo Jos\u00e9 de Barros (Cabe\u00e7a), presidente do Sindicato dos Metal\u00fargicos de Guarulhos e Regi\u00e3o. Entidade re\u00fane mais de 47 mil trabalhadores, em Guarulhos, Aruj\u00e1, Mairipor\u00e3 e Santa Isabel.<br \/>\nAp\u00f3s saudar os vereadores, desejando mandato produtivo a todos, o dirigente metal\u00fargico pediu mais di\u00e1logo entre os Poderes e a sociedade. Diz Cabe\u00e7a: \u201cEu acredito que o di\u00e1logo \u00e9 fundamental em toda organiza\u00e7\u00e3o humana, a come\u00e7ar pela fam\u00edlia\u201d.<br \/>\nCabe\u00e7a pediu \u00e0s autoridades locais que dialoguem com as lideran\u00e7as do setor industrial e do sindicalismo, buscando dinamizar um projeto para a ind\u00fastria local. Ele citou dados, enfatizando que o sal\u00e1rio metal\u00fargico \u00e9 18,3% superior \u00e0 m\u00e9dia salarial geral.<br \/>\nPara o sindicalista, \u00e9 preciso encerrar o modo personalista de governar, que n\u00e3o dialoga. Ele acrescenta: \u201cCreio, sinceramente, no poder do di\u00e1logo. Minha experi\u00eancia sindical mostra que sempre h\u00e1 avan\u00e7os quando as partes conversam\u201d.<br \/>\nInd\u00fastria &#8211; Em 2024, a ind\u00fastria liderou o crescimento nacional e tamb\u00e9m as exporta\u00e7\u00f5es. Segundo o dirigente, o crescimento est\u00e1 ligado a pol\u00edticas p\u00fablicas como o Nova Ind\u00fastria Brasil e a retomada dos financiamentos pelo BNDES.<\/p>\n","protected":false},"excerpt":{"rendered":"<p>Segunda, dia 17, a Tribuna da C\u00e2mara Municipal foi utilizada por Josinaldo Jos\u00e9 de Barros (Cabe\u00e7a), presidente do Sindicato dos Metal\u00fargicos de Guarulhos e Regi\u00e3o. Entidade re\u00fane mais de 47 mil trabalhadores, em Guarulhos, Aruj\u00e1, Mairipor\u00e3 e Santa Isabel. Ap\u00f3s saudar os vereadores, desejando mandato produtivo a todos, o dirigente metal\u00fargico pediu mais di\u00e1logo entre [&hellip;]<\/p>\n","protected":false},"author":1,"featured_media":23224,"comment_status":"open","ping_status":"open","sticky":false,"template":"","format":"standard","meta":{"footnotes":""},"categories":[3],"tags":[],"class_list":{"0":"post-23223","1":"post","2":"type-post","3":"status-publish","4":"format-standard","5":"has-post-thumbnail","7":"category-guarulhos"},"_links":{"self":[{"href":"https:\/\/jm-metropole.com.br\/site\/wp-json\/wp\/v2\/posts\/23223","targetHints":{"allow":["GET"]}}],"collection":[{"href":"https:\/\/jm-metropole.com.br\/site\/wp-json\/wp\/v2\/posts"}],"about":[{"href":"https:\/\/jm-metropole.com.br\/site\/wp-json\/wp\/v2\/types\/post"}],"author":[{"embeddable":true,"href":"https:\/\/jm-metropole.com.br\/site\/wp-json\/wp\/v2\/users\/1"}],"replies":[{"embeddable":true,"href":"https:\/\/jm-metropole.com.br\/site\/wp-json\/wp\/v2\/comments?post=23223"}],"version-history":[{"count":1,"href":"https:\/\/jm-metropole.com.br\/site\/wp-json\/wp\/v2\/posts\/23223\/revisions"}],"predecessor-version":[{"id":23225,"href":"https:\/\/jm-metropole.com.br\/site\/wp-json\/wp\/v2\/posts\/23223\/revisions\/23225"}],"wp:featuredmedia":[{"embeddable":true,"href":"https:\/\/jm-metropole.com.br\/site\/wp-json\/wp\/v2\/media\/23224"}],"wp:attachment":[{"href":"https:\/\/jm-metropole.com.br\/site\/wp-json\/wp\/v2\/media?parent=23223"}],"wp:term":[{"taxonomy":"category","embeddable":true,"href":"https:\/\/jm-metropole.com.br\/site\/wp-json\/wp\/v2\/categories?post=23223"},{"taxonomy":"post_tag","embeddable":true,"href":"https:\/\/jm-metropole.com.br\/site\/wp-json\/wp\/v2\/tags?post=23223"}],"curies":[{"name":"wp","href":"https:\/\/api.w.org\/{rel}","templated":true}]}}