{"id":23220,"date":"2025-02-18T18:38:05","date_gmt":"2025-02-18T21:38:05","guid":{"rendered":"https:\/\/jm-metropole.com.br\/site\/?p=23220"},"modified":"2025-02-18T18:38:05","modified_gmt":"2025-02-18T21:38:05","slug":"prefeitura-de-aruja-inaugura-escola-livre-de-danca-quem-danca-e-mais-feliz","status":"publish","type":"post","link":"https:\/\/jm-metropole.com.br\/site\/prefeitura-de-aruja-inaugura-escola-livre-de-danca-quem-danca-e-mais-feliz\/","title":{"rendered":"Prefeitura de Aruj\u00e1 inaugura Escola Livre de Dan\u00e7a &#8216;Quem Dan\u00e7a \u00e9 Mais Feliz&#8217;"},"content":{"rendered":"<p>Dando corpo ao rec\u00e9m-inaugurado Programa Municipal &#8220;Aruj\u00e1 Aqui tem Cultura&#8221;, a Prefeitura de Aruj\u00e1 entregou, na manh\u00e3 desta ter\u00e7a-feira (18), o mais novo espa\u00e7o cultural do munic\u00edpio. Localizado na rua Jos\u00e9 Pereira de Aquino, 115, no Parque Rodrigo Barreto, a Escola Livre de M\u00fasica &#8220;Quem Dan\u00e7a \u00e9 Mais Feliz&#8221; ser\u00e1 administrada pela Secretaria Municipal de Cultura e pode atender 1.275 amantes da dan\u00e7a, podendo passar para mais de 1.500.<\/p>\n<p>Com oficinas como Samba-Rock, Street Dance, Forr\u00f3\/Vanera e Sertanejo, bem como uma novidade, Ballet para adultos e Ritmos e Dan\u00e7a de Sal\u00e3o para a Melhor Idade. A idade m\u00ednima varia para cada modalidade, sendo que n\u00e3o h\u00e1 idade m\u00e1xima para participar.<\/p>\n<p>Para se inscrever, o interessado pode fazer o processo via site da Prefeitura de Aruj\u00e1 (https:\/\/www.prefeituradearuja.sp.gov.br\/projeto\/cursosGerais\/) ou presencialmente no polo cultural, portando c\u00f3pia de documento pessoal e comprovante de endere\u00e7o. Para menores de idade \u00e9 obrigat\u00f3ria a presen\u00e7a de um respons\u00e1vel no ato da inscri\u00e7\u00e3o. O espa\u00e7o \u00e9 composto por uma sala de dan\u00e7a e banheiros feminino\/PCD e masculino.<\/p>\n<p>O prefeito Luis Camargo, o Dr Camargo, expressou sua felicidade ao entregar o espa\u00e7o \u00e0 popula\u00e7\u00e3o, sendo esta a primeira inaugura\u00e7\u00e3o deste ano: &#8220;\u00c9 muita alegria quando a gente chega em um equipamento como esse e algum morador, que est\u00e1 ali pr\u00f3ximo, j\u00e1 nos aborda, mostra sua alegria em ver mais possibilidades de cultura para as fam\u00edlias arujaenses. Quero salientar que o equipamento n\u00e3o foi entregue somente para os moradores do Barreto, mas para toda a popula\u00e7\u00e3o de Aruj\u00e1, inclusive, temos um terminal de \u00f4nibus aqui perto, que certamente facilitar\u00e1 o acesso. E n\u00e3o vamos parar por a\u00ed, podem ter certeza que haver\u00e1 muito mais inaugura\u00e7\u00f5es pela frente&#8221;.<\/p>\n<p>J\u00e1 o secret\u00e1rio de Cultura de Aruj\u00e1, Rog\u00e9rio da Padaria, comentou sobre a alta ades\u00e3o da popula\u00e7\u00e3o nas inscri\u00e7\u00f5es das oficinas e programas da pasta: &#8220;Para voc\u00eas terem uma ideia do sucesso desse programa &#8216;Aruj\u00e1 aqui tem Cultura&#8217;, o ano passado finalizou com cerca de 780 alunos. Hoje, n\u00f3s j\u00e1 temos mais de 1.500 inscri\u00e7\u00f5es nas mais de 30 modalidades de cursos e oficinas, onde atenderemos mais de 3,5 mil arujaenses&#8221;.<\/p>\n<p>Estiveram presentes, al\u00e9m do prefeito Luis Camargo, e do secret\u00e1rio de Cultura, Rog\u00e9rio da Padaria, o vice-prefeito, Rodolfo Machado, os vereadores Divinei da Silva, Renan de Aruj\u00e1, Ana do Esporte e GCM Uelton , demais secret\u00e1rios, al\u00e9m de servidores da Cultura e popula\u00e7\u00e3o.<\/p>\n","protected":false},"excerpt":{"rendered":"<p>Dando corpo ao rec\u00e9m-inaugurado Programa Municipal &#8220;Aruj\u00e1 Aqui tem Cultura&#8221;, a Prefeitura de Aruj\u00e1 entregou, na manh\u00e3 desta ter\u00e7a-feira (18), o mais novo espa\u00e7o cultural do munic\u00edpio. Localizado na rua Jos\u00e9 Pereira de Aquino, 115, no Parque Rodrigo Barreto, a Escola Livre de M\u00fasica &#8220;Quem Dan\u00e7a \u00e9 Mais Feliz&#8221; ser\u00e1 administrada pela Secretaria Municipal de [&hellip;]<\/p>\n","protected":false},"author":1,"featured_media":23221,"comment_status":"open","ping_status":"open","sticky":false,"template":"","format":"standard","meta":{"footnotes":""},"categories":[4],"tags":[],"class_list":{"0":"post-23220","1":"post","2":"type-post","3":"status-publish","4":"format-standard","5":"has-post-thumbnail","7":"category-aruja"},"_links":{"self":[{"href":"https:\/\/jm-metropole.com.br\/site\/wp-json\/wp\/v2\/posts\/23220","targetHints":{"allow":["GET"]}}],"collection":[{"href":"https:\/\/jm-metropole.com.br\/site\/wp-json\/wp\/v2\/posts"}],"about":[{"href":"https:\/\/jm-metropole.com.br\/site\/wp-json\/wp\/v2\/types\/post"}],"author":[{"embeddable":true,"href":"https:\/\/jm-metropole.com.br\/site\/wp-json\/wp\/v2\/users\/1"}],"replies":[{"embeddable":true,"href":"https:\/\/jm-metropole.com.br\/site\/wp-json\/wp\/v2\/comments?post=23220"}],"version-history":[{"count":1,"href":"https:\/\/jm-metropole.com.br\/site\/wp-json\/wp\/v2\/posts\/23220\/revisions"}],"predecessor-version":[{"id":23222,"href":"https:\/\/jm-metropole.com.br\/site\/wp-json\/wp\/v2\/posts\/23220\/revisions\/23222"}],"wp:featuredmedia":[{"embeddable":true,"href":"https:\/\/jm-metropole.com.br\/site\/wp-json\/wp\/v2\/media\/23221"}],"wp:attachment":[{"href":"https:\/\/jm-metropole.com.br\/site\/wp-json\/wp\/v2\/media?parent=23220"}],"wp:term":[{"taxonomy":"category","embeddable":true,"href":"https:\/\/jm-metropole.com.br\/site\/wp-json\/wp\/v2\/categories?post=23220"},{"taxonomy":"post_tag","embeddable":true,"href":"https:\/\/jm-metropole.com.br\/site\/wp-json\/wp\/v2\/tags?post=23220"}],"curies":[{"name":"wp","href":"https:\/\/api.w.org\/{rel}","templated":true}]}}