{"id":23211,"date":"2025-02-18T07:38:20","date_gmt":"2025-02-18T10:38:20","guid":{"rendered":"https:\/\/jm-metropole.com.br\/site\/?p=23211"},"modified":"2025-02-18T07:38:20","modified_gmt":"2025-02-18T10:38:20","slug":"clube-de-campo-de-mogi-inicia-venda-de-convites-para-o-baile-abre-alas","status":"publish","type":"post","link":"https:\/\/jm-metropole.com.br\/site\/clube-de-campo-de-mogi-inicia-venda-de-convites-para-o-baile-abre-alas\/","title":{"rendered":"Clube de Campo de Mogi inicia venda de convites para o \u201cBaile Abre Alas\u201d"},"content":{"rendered":"<p>Tradicional evento carnavalesco acontece no dia 28 de fevereiro com show ao vivo e Concurso de Fantasias<\/p>\n<p>Est\u00e1 chegando um dos principais eventos de Carnaval do Alto Tiet\u00ea: o tradicional &#8220;Baile Abre Alas&#8221; do Clube de Campo de Mogi das Cruzes (CCMC). A venda dos convites come\u00e7a nesta ter\u00e7a-feira (18\/02), \u00e0s 8h, na Secretaria do clube. O baile est\u00e1 marcado para o dia 28 (sexta-feira), a partir das 21h, no Sal\u00e3o Social &#8220;Wilson Cury&#8221;. A noite promete muita alegria e anima\u00e7\u00e3o com Anderson Cici &amp; Banda, que j\u00e1 subiu ao palco no ano passado e retorna com os grandes sucessos do Carnaval.<\/p>\n<p>Al\u00e9m da atra\u00e7\u00e3o musical, o evento contar\u00e1 com o esperado Concurso de Fantasias, que vai eleger os foli\u00f5es mais criativos. E para que n\u00e3o falte nada na noite, um card\u00e1pio especial assinado pelo Buffet Perfil, com entradas, por\u00e7\u00f5es variadas e bebidas, al\u00e9m de rolha livre.<\/p>\n<p>O menu inclui ainda caldos servidos no Priv\u00ea, que podem ser degustados com p\u00e3es, torradas, parmes\u00e3o e azeite. O card\u00e1pio completo est\u00e1 dispon\u00edvel no site do clube. O valor dos convites para o Abre Alas \u00e9 de R$ 150 para associados e R$ 250 para convidados.<\/p>\n<p>A diretora social do clube, Karin Camargo, ressalta que o \u201cBaile Abre Alas\u201d \u00e9 um dos eventos mais aguardados n\u00e3o s\u00f3 do calend\u00e1rio social do CCMC, como tamb\u00e9m em toda a cidade:<\/p>\n<p>&#8220;\u00c9 uma festa que encanta a todos, desde os foli\u00f5es mais animados at\u00e9 aqueles que v\u00eam para prestigiar o espet\u00e1culo de cores e fantasias. Preparamos tudo com muito carinho para proporcionar uma noite inesquec\u00edvel, com boa m\u00fasica, um card\u00e1pio especial e um ambiente acolhedor, para que todos possam aproveitar ao m\u00e1ximo. Convidamos nossos associados e seus amigos para celebrarem essa tradi\u00e7\u00e3o carnavalesca conosco&#8221;, destacou a diretora. Mais informa\u00e7\u00f5es podem ser obtidas pelo telefone 4728-5600.<\/p>\n","protected":false},"excerpt":{"rendered":"<p>Tradicional evento carnavalesco acontece no dia 28 de fevereiro com show ao vivo e Concurso de Fantasias Est\u00e1 chegando um dos principais eventos de Carnaval do Alto Tiet\u00ea: o tradicional &#8220;Baile Abre Alas&#8221; do Clube de Campo de Mogi das Cruzes (CCMC). A venda dos convites come\u00e7a nesta ter\u00e7a-feira (18\/02), \u00e0s 8h, na Secretaria do [&hellip;]<\/p>\n","protected":false},"author":1,"featured_media":23212,"comment_status":"open","ping_status":"open","sticky":false,"template":"","format":"standard","meta":{"footnotes":""},"categories":[10],"tags":[],"class_list":{"0":"post-23211","1":"post","2":"type-post","3":"status-publish","4":"format-standard","5":"has-post-thumbnail","7":"category-mogi-das-cruzes"},"_links":{"self":[{"href":"https:\/\/jm-metropole.com.br\/site\/wp-json\/wp\/v2\/posts\/23211","targetHints":{"allow":["GET"]}}],"collection":[{"href":"https:\/\/jm-metropole.com.br\/site\/wp-json\/wp\/v2\/posts"}],"about":[{"href":"https:\/\/jm-metropole.com.br\/site\/wp-json\/wp\/v2\/types\/post"}],"author":[{"embeddable":true,"href":"https:\/\/jm-metropole.com.br\/site\/wp-json\/wp\/v2\/users\/1"}],"replies":[{"embeddable":true,"href":"https:\/\/jm-metropole.com.br\/site\/wp-json\/wp\/v2\/comments?post=23211"}],"version-history":[{"count":1,"href":"https:\/\/jm-metropole.com.br\/site\/wp-json\/wp\/v2\/posts\/23211\/revisions"}],"predecessor-version":[{"id":23213,"href":"https:\/\/jm-metropole.com.br\/site\/wp-json\/wp\/v2\/posts\/23211\/revisions\/23213"}],"wp:featuredmedia":[{"embeddable":true,"href":"https:\/\/jm-metropole.com.br\/site\/wp-json\/wp\/v2\/media\/23212"}],"wp:attachment":[{"href":"https:\/\/jm-metropole.com.br\/site\/wp-json\/wp\/v2\/media?parent=23211"}],"wp:term":[{"taxonomy":"category","embeddable":true,"href":"https:\/\/jm-metropole.com.br\/site\/wp-json\/wp\/v2\/categories?post=23211"},{"taxonomy":"post_tag","embeddable":true,"href":"https:\/\/jm-metropole.com.br\/site\/wp-json\/wp\/v2\/tags?post=23211"}],"curies":[{"name":"wp","href":"https:\/\/api.w.org\/{rel}","templated":true}]}}