{"id":23195,"date":"2025-02-17T09:41:28","date_gmt":"2025-02-17T12:41:28","guid":{"rendered":"https:\/\/jm-metropole.com.br\/site\/?p=23195"},"modified":"2025-02-17T09:41:28","modified_gmt":"2025-02-17T12:41:28","slug":"dia-de-vacinacao-contra-a-dengue-imuniza-220-criancas-em-aruja","status":"publish","type":"post","link":"https:\/\/jm-metropole.com.br\/site\/dia-de-vacinacao-contra-a-dengue-imuniza-220-criancas-em-aruja\/","title":{"rendered":"Dia de Vacina\u00e7\u00e3o contra a Dengue imuniza 220 crian\u00e7as em Aruj\u00e1"},"content":{"rendered":"<p>A campanha de vacina\u00e7\u00e3o contra a dengue, realizada em Aruj\u00e1 neste s\u00e1bado (15), imunizou 220 crian\u00e7as dos 10 aos 14 anos contra a doen\u00e7a. A a\u00e7\u00e3o, que aconteceu das 8 \u00e0s 16 horas nas Unidades B\u00e1sicas de Sa\u00fade (UBSs) do Centro, Parque Rodrigo Barreto, Mirante e Jardim Em\u00edlia, contou com a participa\u00e7\u00e3o de pais e respons\u00e1veis que levaram seus filhos para receberem a vacina.<\/p>\n<p>Entre eles, estava Adriana Muranaka, m\u00e3e da pequena Lais Airi Kanetsuki, de 10 anos.<\/p>\n<p>Em entrevista, Adriana relatou a experi\u00eancia de lidar com a dengue quando sua filha contraiu a doen\u00e7a aos 4 anos de idade.<br \/>\n&#8220;Foi uma febre muito alta, que n\u00e3o passava nem com rem\u00e9dio. Depois apareceram manchas no corpo. Levei-a ao hospital, fizemos um exame de sangue para acompanhar as plaquetas e ela chegou a fazer o teste. Embora o teste tenha dado negativo, pelos sintomas era dengue e tivemos que voltar no dia seguinte para acompanhar as plaquetas. Foi uma queda brusca&#8221;, descreveu.<\/p>\n<p>A garotinha s\u00f3 melhorou depois de cerca de uma semana.<\/p>\n<p>Adriana destacou a import\u00e2ncia da vacina\u00e7\u00e3o contra a dengue e expressou al\u00edvio por ter sua filha imunizada. &#8220;Essa foi a primeira dose e estou muito aliviada em saber que minha filha agora est\u00e1 protegida contra essa doen\u00e7a&#8221;, disse.<\/p>\n<p>Jucelino Biasin tamb\u00e9m levou a filha Marina Ribeiro Biasin, de 10 anos, at\u00e9 a UBS do Centro para tomar a primeira dose da vacina e a menina contou \u00e0 primeira-dama Clau Camargo, que esteve no local acompanhando a iniciativa, como perder o medo de tomar vacinas.<\/p>\n<p>Sorridente, Marina compartilhou sua experi\u00eancia e ensinou uma t\u00e9cnica interessante.<\/p>\n<p>&#8220;Pense no seu animal favorito pulando uma cerca, um muro. Da\u00ed, voc\u00ea conta quantas vezes ele pulou, enquanto v\u00e3o aplicando a vacina e, quando tirarem a agulha do seu bra\u00e7o, voc\u00ea v\u00ea que n\u00e3o d\u00f3i. Eu acho que essa vacina n\u00e3o doeu, porque nem deu para sentir direito, na minha opini\u00e3o&#8221;, disse.<\/p>\n<p>Outro pai que fez quest\u00e3o de levar a filha Alana Cristovam Feltrin Santana, de 13 anos, para ser imunizada, foi Eric Feltrin Santana. Alana, que joga futebol, lembrou que \u00e9 fundamental para os esportistas estarem com as vacinas e a imunidade em dia. &#8220;Digo para todos virem porque se vacinar contra a dengue \u00e9 muito importante&#8221;, completou.<\/p>\n<p>O adolescente Nicolas Amaral Ferreira, de 12 anos, que veio na UBS Central com o pai Erick Ferreira de Souza, comentou ainda que na escola os professores explicam sobre a necessidade de combater os criadouros do mosquito Aedes aegypti. &#8220;Eles falam sobre n\u00e3o deixar acumular \u00e1gua parada, entre outras medidas&#8221;, observou o garoto, que n\u00e3o precisou ainda tomar a segunda dose, mas que j\u00e1 foi imunizado h\u00e1 pouco tempo.<\/p>\n<p>Campanha continua<br \/>\nA vacina\u00e7\u00e3o contra a dengue \u00e9 uma medida importante para prevenir a doen\u00e7a, que pode ser grave e at\u00e9 fatal em alguns casos, conforme acrescentou o secret\u00e1rio de Sa\u00fade de Aruj\u00e1, Leonardo Reis.<\/p>\n<p>Ele salientou que a campanha de vacina\u00e7\u00e3o visa proteger as crian\u00e7as e a comunidade contra a dengue e que todas as UBSs continuar\u00e3o aplicando as doses para o p\u00fablico-alvo, que atualmente \u00e9 dos 10 aos 14 anos.<\/p>\n<p>A primeira-dama Clau Camargo lembrou que, no total, j\u00e1 foram vacinadas contra a doen\u00e7a, na cidade, mais de 10 mil jovens e crian\u00e7as e que vacinar seu (a) filho (a) \u00e9 um ato de amor.<\/p>\n<p>&#8220;Aruj\u00e1 est\u00e1 fazendo a sua parte, seja com as campanhas de vacina\u00e7\u00e3o em massa ou com as a\u00e7\u00f5es da Opera\u00e7\u00e3o Cidade Limpa, da Secretaria Municipal de Servi\u00e7os juntamente com a pasta da Sa\u00fade, de recolhimento de cata-treco e materiais que possam acumular \u00e1gua e favorecer a prolifera\u00e7\u00e3o do mosquito. Por isso, vamos continuar juntos combatendo a dengue&#8221;, refor\u00e7ou.<\/p>\n","protected":false},"excerpt":{"rendered":"<p>A campanha de vacina\u00e7\u00e3o contra a dengue, realizada em Aruj\u00e1 neste s\u00e1bado (15), imunizou 220 crian\u00e7as dos 10 aos 14 anos contra a doen\u00e7a. A a\u00e7\u00e3o, que aconteceu das 8 \u00e0s 16 horas nas Unidades B\u00e1sicas de Sa\u00fade (UBSs) do Centro, Parque Rodrigo Barreto, Mirante e Jardim Em\u00edlia, contou com a participa\u00e7\u00e3o de pais e [&hellip;]<\/p>\n","protected":false},"author":1,"featured_media":23196,"comment_status":"open","ping_status":"open","sticky":false,"template":"","format":"standard","meta":{"footnotes":""},"categories":[4],"tags":[],"class_list":{"0":"post-23195","1":"post","2":"type-post","3":"status-publish","4":"format-standard","5":"has-post-thumbnail","7":"category-aruja"},"_links":{"self":[{"href":"https:\/\/jm-metropole.com.br\/site\/wp-json\/wp\/v2\/posts\/23195","targetHints":{"allow":["GET"]}}],"collection":[{"href":"https:\/\/jm-metropole.com.br\/site\/wp-json\/wp\/v2\/posts"}],"about":[{"href":"https:\/\/jm-metropole.com.br\/site\/wp-json\/wp\/v2\/types\/post"}],"author":[{"embeddable":true,"href":"https:\/\/jm-metropole.com.br\/site\/wp-json\/wp\/v2\/users\/1"}],"replies":[{"embeddable":true,"href":"https:\/\/jm-metropole.com.br\/site\/wp-json\/wp\/v2\/comments?post=23195"}],"version-history":[{"count":1,"href":"https:\/\/jm-metropole.com.br\/site\/wp-json\/wp\/v2\/posts\/23195\/revisions"}],"predecessor-version":[{"id":23197,"href":"https:\/\/jm-metropole.com.br\/site\/wp-json\/wp\/v2\/posts\/23195\/revisions\/23197"}],"wp:featuredmedia":[{"embeddable":true,"href":"https:\/\/jm-metropole.com.br\/site\/wp-json\/wp\/v2\/media\/23196"}],"wp:attachment":[{"href":"https:\/\/jm-metropole.com.br\/site\/wp-json\/wp\/v2\/media?parent=23195"}],"wp:term":[{"taxonomy":"category","embeddable":true,"href":"https:\/\/jm-metropole.com.br\/site\/wp-json\/wp\/v2\/categories?post=23195"},{"taxonomy":"post_tag","embeddable":true,"href":"https:\/\/jm-metropole.com.br\/site\/wp-json\/wp\/v2\/tags?post=23195"}],"curies":[{"name":"wp","href":"https:\/\/api.w.org\/{rel}","templated":true}]}}