{"id":23130,"date":"2025-02-10T15:34:57","date_gmt":"2025-02-10T18:34:57","guid":{"rendered":"https:\/\/jm-metropole.com.br\/site\/?p=23130"},"modified":"2025-02-10T15:34:57","modified_gmt":"2025-02-10T18:34:57","slug":"complexo-jornalista-tirreno-da-san-biagio-tera-interdicao-nesta-quarta-feira-para-manutencao-de-bomba","status":"publish","type":"post","link":"https:\/\/jm-metropole.com.br\/site\/complexo-jornalista-tirreno-da-san-biagio-tera-interdicao-nesta-quarta-feira-para-manutencao-de-bomba\/","title":{"rendered":"Complexo Jornalista Tirreno Da San Biagio ter\u00e1 interdi\u00e7\u00e3o nesta quarta-feira para manuten\u00e7\u00e3o de bomba"},"content":{"rendered":"<p>O Complexo Vi\u00e1rio Jornalista Tirreno Da San Biagio ter\u00e1 interdi\u00e7\u00e3o do t\u00fanel no sentido Centro-Bairro nesta quarta-feira (12\/02), a partir das 10 horas, para servi\u00e7os de manuten\u00e7\u00e3o da bomba de drenagem existente no local. O trabalho tem previs\u00e3o de ser realizado at\u00e9 as 15 horas e ser\u00e1 executado por equipes da Secretaria Municipal de Servi\u00e7os Urbanos.<\/p>\n<p>Durante o per\u00edodo de interdi\u00e7\u00e3o, as op\u00e7\u00f5es para o motorista que est\u00e1 na regi\u00e3o central da cidade e busca cruzar a linha f\u00e9rrea para acessar bairros como o Mogilar, Ponte Grande e Vila Industrial ser\u00e3o a passagem subterr\u00e2nea Engenheiro Osvaldo Crespo de Abreu e as passagens em n\u00edvel da rua Presidente Campos Salles e da avenida Cavalheiro Nami Jafet.<\/p>\n<p>O tr\u00e2nsito no sentido Bairro-Centro do Complexo Vi\u00e1rio Jornalista Tirreno Da San Biagio n\u00e3o ter\u00e1 altera\u00e7\u00f5es para os servi\u00e7os desta quarta-feira.<\/p>\n<p>Durante o per\u00edodo de interdi\u00e7\u00e3o, agentes municipais de tr\u00e2nsito far\u00e3o o monitoramento da circula\u00e7\u00e3o de ve\u00edculos. Caso seja necess\u00e1rio, ser\u00e3o realizadas interven\u00e7\u00f5es visando a melhoria da seguran\u00e7a vi\u00e1ria e fluidez.<\/p>\n<p>Mais informa\u00e7\u00f5es sobre o tr\u00e2nsito em Mogi das Cruzes podem ser obtidas pelo telefone 0800 77 30 194.<\/p>\n","protected":false},"excerpt":{"rendered":"<p>O Complexo Vi\u00e1rio Jornalista Tirreno Da San Biagio ter\u00e1 interdi\u00e7\u00e3o do t\u00fanel no sentido Centro-Bairro nesta quarta-feira (12\/02), a partir das 10 horas, para servi\u00e7os de manuten\u00e7\u00e3o da bomba de drenagem existente no local. O trabalho tem previs\u00e3o de ser realizado at\u00e9 as 15 horas e ser\u00e1 executado por equipes da Secretaria Municipal de Servi\u00e7os [&hellip;]<\/p>\n","protected":false},"author":1,"featured_media":23131,"comment_status":"open","ping_status":"open","sticky":false,"template":"","format":"standard","meta":{"footnotes":""},"categories":[10],"tags":[],"class_list":{"0":"post-23130","1":"post","2":"type-post","3":"status-publish","4":"format-standard","5":"has-post-thumbnail","7":"category-mogi-das-cruzes"},"_links":{"self":[{"href":"https:\/\/jm-metropole.com.br\/site\/wp-json\/wp\/v2\/posts\/23130","targetHints":{"allow":["GET"]}}],"collection":[{"href":"https:\/\/jm-metropole.com.br\/site\/wp-json\/wp\/v2\/posts"}],"about":[{"href":"https:\/\/jm-metropole.com.br\/site\/wp-json\/wp\/v2\/types\/post"}],"author":[{"embeddable":true,"href":"https:\/\/jm-metropole.com.br\/site\/wp-json\/wp\/v2\/users\/1"}],"replies":[{"embeddable":true,"href":"https:\/\/jm-metropole.com.br\/site\/wp-json\/wp\/v2\/comments?post=23130"}],"version-history":[{"count":1,"href":"https:\/\/jm-metropole.com.br\/site\/wp-json\/wp\/v2\/posts\/23130\/revisions"}],"predecessor-version":[{"id":23132,"href":"https:\/\/jm-metropole.com.br\/site\/wp-json\/wp\/v2\/posts\/23130\/revisions\/23132"}],"wp:featuredmedia":[{"embeddable":true,"href":"https:\/\/jm-metropole.com.br\/site\/wp-json\/wp\/v2\/media\/23131"}],"wp:attachment":[{"href":"https:\/\/jm-metropole.com.br\/site\/wp-json\/wp\/v2\/media?parent=23130"}],"wp:term":[{"taxonomy":"category","embeddable":true,"href":"https:\/\/jm-metropole.com.br\/site\/wp-json\/wp\/v2\/categories?post=23130"},{"taxonomy":"post_tag","embeddable":true,"href":"https:\/\/jm-metropole.com.br\/site\/wp-json\/wp\/v2\/tags?post=23130"}],"curies":[{"name":"wp","href":"https:\/\/api.w.org\/{rel}","templated":true}]}}