{"id":23127,"date":"2025-02-10T15:33:36","date_gmt":"2025-02-10T18:33:36","guid":{"rendered":"https:\/\/jm-metropole.com.br\/site\/?p=23127"},"modified":"2025-02-10T15:33:36","modified_gmt":"2025-02-10T18:33:36","slug":"mogi-reduz-indice-de-infestacao-do-aedes-aegypti-mas-numeros-ainda-sao-alarmantes","status":"publish","type":"post","link":"https:\/\/jm-metropole.com.br\/site\/mogi-reduz-indice-de-infestacao-do-aedes-aegypti-mas-numeros-ainda-sao-alarmantes\/","title":{"rendered":"Mogi reduz \u00edndice de infesta\u00e7\u00e3o do Aedes aegypti, mas n\u00fameros ainda s\u00e3o alarmantes"},"content":{"rendered":"<p>Os percentuais de infesta\u00e7\u00e3o do mosquito Aedes Aegypt &#8211; transmissor da dengue, ca\u00edram quase 60% em Mogi das Cruzes, mas ainda est\u00e3o acima dos n\u00edveis de seguran\u00e7a. Os n\u00fameros constam na Avalia\u00e7\u00e3o de Densidade Larv\u00e1ria (ADL) realizada pela Secretaria Municipal de Sa\u00fade.<\/p>\n<p>De acordo com o relat\u00f3rio, o \u00cdndice de Breteau (IB) baixou de 8,23 em janeiro de 2024 para 4,89 no mesmo per\u00edodo deste ano \u2013 a ferramenta indica a quantidade de larvas do Aedes Aegypt nos im\u00f3veis e \u00e9 determinante na condu\u00e7\u00e3o das a\u00e7\u00f5es de combate ao mosquito. O Minist\u00e9rio da Sa\u00fade considera que \u00edndices iguais ou inferiores a 1,0 s\u00e3o ideais. J\u00e1 \u00edndices entre 1 e 4 s\u00e3o considerados de alerta, e acima de 4 s\u00e3o considerados de risco de surto, situa\u00e7\u00e3o ainda enfrentada em Mogi das Cruzes. \u201cApesar da redu\u00e7\u00e3o consider\u00e1vel do \u00edndice, ainda estamos acima dos n\u00fameros recomendados pelo Minist\u00e9rio da Sa\u00fade. Os cuidados precisam ser redobrados\u201d, explica a secret\u00e1ria municipal de Sa\u00fade, Rebeca Barufi.<\/p>\n<p>Durante todo o m\u00eas de janeiro, foram visitados 4.870 im\u00f3veis, dos quais 3.773 foram efetivamente vistoriados. De acordo com o relat\u00f3rio, a regi\u00e3o que compreende o Distrito de Braz Cubas, incluindo bairros como Vila Jundia\u00ed, Vila Nova Cintra, Jardim Universo, Vila Brasileira, Orop\u00f3, Vila Municipal e adjac\u00eancias, apresentou maior vulnerabilidade para infesta\u00e7\u00e3o do Aedes Aegypti \u2013 o \u00cdndice Breteau chegou a 6,58 nesta regi\u00e3o. Na sequ\u00eancia, com \u00edndice de 5,77, est\u00e1 a \u00e1rea que compreende os bairros da Vila Lav\u00ednia, Vila Cl\u00e9o, Jardim Santista, Alto Ipiranga, Ch\u00e1cara Jafet, Parque Santana, Mogi Moderno e Vila da Prata.<\/p>\n<p>O estudo apontou ainda o aumento significativo da quantidade de larvas do mosquito em recipientes recicl\u00e1veis\/reaproveit\u00e1veis (a exemplo de garrafas pet e pl\u00e1sticos) e em materiais inserv\u00edveis (lixo). Da mesma forma, a quantidade de criadouros dentro de im\u00f3veis residenciais aumentou. \u201cIsso coloca o munic\u00edpio em alto risco para um novo surto epid\u00eamico de grandes propor\u00e7\u00f5es e refor\u00e7a a necessidade do descarte correto de materiais e res\u00edduos s\u00f3lidos, hoje armazenados de forma inadequada\u201d, explica o diretor de Vigil\u00e2ncia em Sa\u00fade, Jefferson Renan de Ara\u00fajo Leite.<\/p>\n<p>A Secretaria Municipal de Sa\u00fade refor\u00e7ou a visita dos agentes de controle de vetores \u00e0s regi\u00f5es com maior vulnerabilidade, incluindo a\u00e7\u00f5es de bloqueio de larvas e mosquitos e orienta\u00e7\u00e3o sobre os cuidados no combate ao mosquito da dengue. No entanto, a colabora\u00e7\u00e3o dos mun\u00edcipes \u00e9 fundamental para o sucesso da a\u00e7\u00e3o. \u201cEstamos cuidando dos espa\u00e7os p\u00fablicos, orientando a popula\u00e7\u00e3o e pedindo a colabora\u00e7\u00e3o de todos. Cerca de 75% dos casos s\u00e3o diagnosticados dentro dos pr\u00f3prios quintais\u201d, refor\u00e7a a secret\u00e1ria de Sa\u00fade. Para o\u00a0pr\u00f3ximo dia 19, o munic\u00edpio prepara um Mutir\u00e3o de Combate \u00e0 Dengue.<\/p>\n<p><strong>SAIBA MAIS\u00a0<\/strong><br \/>\nA Avalia\u00e7\u00e3o de Densidade Larv\u00e1ria \u00e9 uma amostragem que aponta quais regi\u00f5es do munic\u00edpio apresentam maior infesta\u00e7\u00e3o de larvas do mosquito, possibilitando a defini\u00e7\u00e3o de estrat\u00e9gias de combate em locais espec\u00edficos e de maior necessidade. O levantamento \u00e9 feito duas vezes por ano, sempre nos meses de janeiro e julho, para o planejamento e an\u00e1lise das a\u00e7\u00f5es.<br \/>\nDurante a ADL, s\u00e3o coletadas amostras em im\u00f3veis escolhidos aleatoriamente em todas as regi\u00f5es da cidade e os resultados obtidos geram o \u00cdndice Breteau, um valor num\u00e9rico que define a quantidade de insetos em fase de desenvolvimento encontrados nos locais vistoriados e que permite saber em quais regi\u00f5es da cidade possui maior risco de transmiss\u00e3o de doen\u00e7as. O \u00edndice de tranquilidade \u00e9 1,0 ou menos (significa que para cada 100 im\u00f3veis visitados somente um apresenta larvas do mosquito). Acima desse n\u00edvel h\u00e1 risco de doen\u00e7as.<\/p>\n<p>Em casa e nos ambientes de trabalho, a popula\u00e7\u00e3o n\u00e3o pode descuidar e precisa manter alguns cuidados:<br \/>\n* Caixas d&#8217;\u00e1gua vedadas<br \/>\n* Calhas totalmente limpas e niveladas<br \/>\n* Gal\u00f5es, ton\u00e9is, po\u00e7os e tambores bem vedados<br \/>\n* Pneus sem \u00e1gua e em lugares cobertos<br \/>\n* Garrafas vazias e baldes com a boca para baixo<br \/>\n* Ralos limpos e com tela<br \/>\n* Bandejas de ar-condicionado limpas e sem \u00e1gua<br \/>\n* Bandejas de geladeira sem \u00e1gua<br \/>\n* Pratos de vaso de planta com areia at\u00e9 a borda<br \/>\n* Brom\u00e9lia e outras plantas sem ac\u00famulo de \u00e1gua<br \/>\n* Manter fechados os vasos sanit\u00e1rios sem uso<br \/>\n* Lonas de cobertura devem estar esticadas para n\u00e3o formar po\u00e7as<br \/>\n* Piscinas e fontes sempre tratadas<br \/>\n* Descarte de materiais e objetos sem uso<br \/>\n* Aten\u00e7\u00e3o e cuidado redobrado nos canteiros de obras<\/p>\n","protected":false},"excerpt":{"rendered":"<p>Os percentuais de infesta\u00e7\u00e3o do mosquito Aedes Aegypt &#8211; transmissor da dengue, ca\u00edram quase 60% em Mogi das Cruzes, mas ainda est\u00e3o acima dos n\u00edveis de seguran\u00e7a. Os n\u00fameros constam na Avalia\u00e7\u00e3o de Densidade Larv\u00e1ria (ADL) realizada pela Secretaria Municipal de Sa\u00fade. De acordo com o relat\u00f3rio, o \u00cdndice de Breteau (IB) baixou de 8,23 [&hellip;]<\/p>\n","protected":false},"author":1,"featured_media":23128,"comment_status":"open","ping_status":"open","sticky":false,"template":"","format":"standard","meta":{"footnotes":""},"categories":[10],"tags":[],"class_list":{"0":"post-23127","1":"post","2":"type-post","3":"status-publish","4":"format-standard","5":"has-post-thumbnail","7":"category-mogi-das-cruzes"},"_links":{"self":[{"href":"https:\/\/jm-metropole.com.br\/site\/wp-json\/wp\/v2\/posts\/23127","targetHints":{"allow":["GET"]}}],"collection":[{"href":"https:\/\/jm-metropole.com.br\/site\/wp-json\/wp\/v2\/posts"}],"about":[{"href":"https:\/\/jm-metropole.com.br\/site\/wp-json\/wp\/v2\/types\/post"}],"author":[{"embeddable":true,"href":"https:\/\/jm-metropole.com.br\/site\/wp-json\/wp\/v2\/users\/1"}],"replies":[{"embeddable":true,"href":"https:\/\/jm-metropole.com.br\/site\/wp-json\/wp\/v2\/comments?post=23127"}],"version-history":[{"count":1,"href":"https:\/\/jm-metropole.com.br\/site\/wp-json\/wp\/v2\/posts\/23127\/revisions"}],"predecessor-version":[{"id":23129,"href":"https:\/\/jm-metropole.com.br\/site\/wp-json\/wp\/v2\/posts\/23127\/revisions\/23129"}],"wp:featuredmedia":[{"embeddable":true,"href":"https:\/\/jm-metropole.com.br\/site\/wp-json\/wp\/v2\/media\/23128"}],"wp:attachment":[{"href":"https:\/\/jm-metropole.com.br\/site\/wp-json\/wp\/v2\/media?parent=23127"}],"wp:term":[{"taxonomy":"category","embeddable":true,"href":"https:\/\/jm-metropole.com.br\/site\/wp-json\/wp\/v2\/categories?post=23127"},{"taxonomy":"post_tag","embeddable":true,"href":"https:\/\/jm-metropole.com.br\/site\/wp-json\/wp\/v2\/tags?post=23127"}],"curies":[{"name":"wp","href":"https:\/\/api.w.org\/{rel}","templated":true}]}}