{"id":23060,"date":"2025-02-04T08:22:51","date_gmt":"2025-02-04T11:22:51","guid":{"rendered":"https:\/\/jm-metropole.com.br\/site\/?p=23060"},"modified":"2025-02-04T08:22:51","modified_gmt":"2025-02-04T11:22:51","slug":"suzano-solicita-ao-estado-apoio-em-acoes-para-minimizar-impactos-das-chuvas","status":"publish","type":"post","link":"https:\/\/jm-metropole.com.br\/site\/suzano-solicita-ao-estado-apoio-em-acoes-para-minimizar-impactos-das-chuvas\/","title":{"rendered":"Suzano solicita ao Estado apoio em a\u00e7\u00f5es para minimizar impactos das chuvas"},"content":{"rendered":"<p>Medidas imediatas e de longo prazo foram requeridas pelo prefeito Pedro Ishi em contato com o governador Tarc\u00edsio de Freitas neste domingo (02\/02)<\/p>\n<p>O prefeito de Suzano, Pedro Ishi, se reuniu neste domingo (02\/02) com o diretor de Divis\u00e3o de Recupera\u00e7\u00e3o da Defesa Civil estadual, capit\u00e3o da Pol\u00edcia Militar Eduardo Henrique Schulte Leme, em Po\u00e1. Na ocasi\u00e3o, o chefe do Executivo tamb\u00e9m estabeleceu contato com o governador Tarc\u00edsio de Freitas por telefone, para solicitar apoio na ado\u00e7\u00e3o de a\u00e7\u00f5es imediatas e a longo prazo que visam reduzir os impactos das fortes chuvas que atingiram as cidades da Regi\u00e3o Metropolitana de S\u00e3o Paulo.<\/p>\n<p>Entre os pedidos feitos pela Prefeitura de Suzano est\u00e3o a limpeza do rio Guai\u00f3, desde a avenida Major Pinheiro Fr\u00f3es (SP-66) at\u00e9 o rio Tiet\u00ea, em uma extens\u00e3o de 1,3 quil\u00f4metro; a abertura total das comportas da Penha; e o aumento do di\u00e2metro da tubula\u00e7\u00e3o do Ribeir\u00e3o das Palmeiras, que passa sob a pista antiga da rodovia \u00cdndio Tibiri\u00e7\u00e1 (SP-31), no Jardim Amazonas, visando dar mais vaz\u00e3o \u00e0 \u00e1gua.<\/p>\n<p>As demandas foram apresentadas durante reuni\u00e3o com o representante do Estado, contando ainda com as presen\u00e7as do prefeito da cidade vizinha, Saulo Souza; do vice, Eliardo Jord\u00e3o; do vice-prefeito de Ferraz de Vasconcelos, Daniel Balke; do secret\u00e1rio de Manuten\u00e7\u00e3o e Servi\u00e7os Urbanos de Suzano, Samuel Oliveira; do secret\u00e1rio de Comunica\u00e7\u00e3o P\u00fablica de Suzano, Paulo Pavione; do diretor da Defesa Civil suzanense, Ant\u00f4nio Wenzler; e demais autoridades locais.<\/p>\n<p>Por telefone, o prefeito Pedro Ishi tratou com o governador Tarc\u00edsio de Freitas sobre as necessidades de Suzano. O chefe do governo estadual agendou uma reuni\u00e3o presencial j\u00e1 para esta segunda-feira (03\/02), no Pal\u00e1cio dos Bandeirantes, na capital. Entre os assuntos a serem discutidos est\u00e3o o estudo para um plano de drenagem que vai beneficiar o munic\u00edpio, projetos urbanos para melhorar o escoamento de \u00e1gua e iniciativas estruturantes para a melhoria das cidades.<\/p>\n<p>\u201cInfelizmente, parte do Estado foi afetada pelas chuvas, que vieram fortes e em um curto per\u00edodo. Em Suzano, estamos adotando todas as medidas necess\u00e1rias de forma imediata para o cuidado das fam\u00edlias, mas tamb\u00e9m estamos trabalhando para a\u00e7\u00f5es de longo prazo, para evitarmos problemas futuros\u201d, declarou Ishi.<\/p>\n<p>O governador Tarc\u00edsio de Freitas, por sua vez, destacou a ajuda imediata que o Estado est\u00e1 oferecendo, sobretudo na doa\u00e7\u00e3o de itens essenciais para as fam\u00edlias atingidas. Suzano, inclusive, foi contemplado com doa\u00e7\u00f5es por parte da Defesa Civil. \u201cEstamos trabalhando, unidos \u00e0s prefeituras, para solucionarmos essas situa\u00e7\u00f5es, desde o estudo para um plano de drenagem at\u00e9 com projetos para melhorar o escoamento das chuvas no munic\u00edpio. Contem com o governo do Estado\u201d, disse.<\/p>\n<p>Por fim, o prefeito suzanense agradeceu o chefe do Executivo de Po\u00e1 por abrir as portas da prefeitura para a reuni\u00e3o com o Estado.<\/p>\n<p>Solidariedade<br \/>\nO Fundo Social est\u00e1 mobilizado no atendimento \u00e0s fam\u00edlias afetadas, realizando a doa\u00e7\u00e3o de alimentos e fraldas e orientando as pessoas nos bairros. Al\u00e9m disso, o \u00f3rg\u00e3o iniciar\u00e1 nesta segunda-feira (03\/02) uma campanha de arrecada\u00e7\u00e3o de produtos para higiene pessoal e de limpeza em parceria com a Secretaria de Assist\u00eancia e Desenvolvimento Social para auxiliar as fam\u00edlias impactadas pelas chuvas que atingiram a cidade nos \u00faltimos dias.<\/p>\n<p>Itens como sabonete, papel higi\u00eanico, absorvente, pasta de dente, desodorante, sab\u00e3o em p\u00f3, detergente, entre outros, podem ser entregues por qualquer mun\u00edcipe na sede do Fundo Social de Solidariedade, que fica no Pa\u00e7o Municipal Prefeito Firmino Jos\u00e9 da Costa (rua Baruel, 501, sala 224 \u2013 centro) de segunda a sexta-feira, das 9 \u00e0s 16 horas; ou na sede do Servi\u00e7o de A\u00e7\u00e3o Social e Projetos Especiais (Saspe), localizada na rua General Francisco Glic\u00e9rio, 1.334, no centro, de segunda a sexta-feira, das 8 \u00e0s 17 horas.<\/p>\n<p>Cr\u00e9dito das fotos: Paulo Pavione\/Secop Suzano<\/p>\n","protected":false},"excerpt":{"rendered":"<p>Medidas imediatas e de longo prazo foram requeridas pelo prefeito Pedro Ishi em contato com o governador Tarc\u00edsio de Freitas neste domingo (02\/02) O prefeito de Suzano, Pedro Ishi, se reuniu neste domingo (02\/02) com o diretor de Divis\u00e3o de Recupera\u00e7\u00e3o da Defesa Civil estadual, capit\u00e3o da Pol\u00edcia Militar Eduardo Henrique Schulte Leme, em Po\u00e1. [&hellip;]<\/p>\n","protected":false},"author":1,"featured_media":23061,"comment_status":"open","ping_status":"open","sticky":false,"template":"","format":"standard","meta":{"footnotes":""},"categories":[9],"tags":[],"class_list":{"0":"post-23060","1":"post","2":"type-post","3":"status-publish","4":"format-standard","5":"has-post-thumbnail","7":"category-suzano"},"_links":{"self":[{"href":"https:\/\/jm-metropole.com.br\/site\/wp-json\/wp\/v2\/posts\/23060","targetHints":{"allow":["GET"]}}],"collection":[{"href":"https:\/\/jm-metropole.com.br\/site\/wp-json\/wp\/v2\/posts"}],"about":[{"href":"https:\/\/jm-metropole.com.br\/site\/wp-json\/wp\/v2\/types\/post"}],"author":[{"embeddable":true,"href":"https:\/\/jm-metropole.com.br\/site\/wp-json\/wp\/v2\/users\/1"}],"replies":[{"embeddable":true,"href":"https:\/\/jm-metropole.com.br\/site\/wp-json\/wp\/v2\/comments?post=23060"}],"version-history":[{"count":1,"href":"https:\/\/jm-metropole.com.br\/site\/wp-json\/wp\/v2\/posts\/23060\/revisions"}],"predecessor-version":[{"id":23062,"href":"https:\/\/jm-metropole.com.br\/site\/wp-json\/wp\/v2\/posts\/23060\/revisions\/23062"}],"wp:featuredmedia":[{"embeddable":true,"href":"https:\/\/jm-metropole.com.br\/site\/wp-json\/wp\/v2\/media\/23061"}],"wp:attachment":[{"href":"https:\/\/jm-metropole.com.br\/site\/wp-json\/wp\/v2\/media?parent=23060"}],"wp:term":[{"taxonomy":"category","embeddable":true,"href":"https:\/\/jm-metropole.com.br\/site\/wp-json\/wp\/v2\/categories?post=23060"},{"taxonomy":"post_tag","embeddable":true,"href":"https:\/\/jm-metropole.com.br\/site\/wp-json\/wp\/v2\/tags?post=23060"}],"curies":[{"name":"wp","href":"https:\/\/api.w.org\/{rel}","templated":true}]}}