{"id":23057,"date":"2025-02-04T08:21:15","date_gmt":"2025-02-04T11:21:15","guid":{"rendered":"https:\/\/jm-metropole.com.br\/site\/?p=23057"},"modified":"2025-02-04T08:21:15","modified_gmt":"2025-02-04T11:21:15","slug":"itaqua-oferece-declaracao-de-falta-ou-atraso-no-trabalho-para-moradores-vitimas-de-enchentes","status":"publish","type":"post","link":"https:\/\/jm-metropole.com.br\/site\/itaqua-oferece-declaracao-de-falta-ou-atraso-no-trabalho-para-moradores-vitimas-de-enchentes\/","title":{"rendered":"Itaqu\u00e1 oferece declara\u00e7\u00e3o de falta ou atraso no trabalho para moradores v\u00edtimas de enchentes"},"content":{"rendered":"<p>Medida visa minimizar os preju\u00edzos aos trabalhadores<\/p>\n<p>Moradores das \u00e1reas atingidas pelas chuvas intensas podem retirar uma declara\u00e7\u00e3o de falta ou atraso no trabalho nas cinco unidades do Centro de Refer\u00eancia de Assist\u00eancia Social (CRAS) ou nos quatro abrigos tempor\u00e1rios disponibilizados pela prefeitura. A medida visa minimizar os preju\u00edzos aos trabalhadores que enfrentam dificuldades no deslocamento devido aos danos causados pela chuva.<\/p>\n<p>A declara\u00e7\u00e3o est\u00e1 dispon\u00edvel nos abrigos localizados na estrada Valter da Silva Costa, 1.228, na Vila S\u00f4nia, nas rua Joaquim Nabuco, 66, e Tiradentes, 126, ambos na Maria Augusta, al\u00e9m da rua S\u00e3o Roque, 215, na Vila Jap\u00e3o.<\/p>\n<p>Tamb\u00e9m \u00e9 poss\u00edvel retirar a declara\u00e7\u00e3o nos CRAS Morro Branco (avenida \u00cdtalo Adami, 2.023), Recanto M\u00f4nica (rua Governador Ademar Pereira Santos, 222), Quinta da Boa Vista (estrada de S\u00e3o Bento, 1.691), Jardim Paineira (rua Serra da Cantareira, 570) e Caiuby (rua Ribeir\u00e3o Preto, 9).<\/p>\n<p>\u201cTodo acolhimento necess\u00e1rio est\u00e1 sendo oferecido de forma respeitosa para quem mais precisa. Al\u00e9m de toda a estrutura oferecida, entendemos que os moradores n\u00e3o podem deixar de prestar contas em seus locais de trabalho, por isso essa documenta\u00e7\u00e3o \u00e9 importante\u201d, declarou o prefeito Eduardo Boigues.<\/p>\n<p>Fotos: Divulga\u00e7\u00e3o e Dayane Oliveira<\/p>\n","protected":false},"excerpt":{"rendered":"<p>Medida visa minimizar os preju\u00edzos aos trabalhadores Moradores das \u00e1reas atingidas pelas chuvas intensas podem retirar uma declara\u00e7\u00e3o de falta ou atraso no trabalho nas cinco unidades do Centro de Refer\u00eancia de Assist\u00eancia Social (CRAS) ou nos quatro abrigos tempor\u00e1rios disponibilizados pela prefeitura. A medida visa minimizar os preju\u00edzos aos trabalhadores que enfrentam dificuldades no [&hellip;]<\/p>\n","protected":false},"author":1,"featured_media":23058,"comment_status":"open","ping_status":"open","sticky":false,"template":"","format":"standard","meta":{"footnotes":""},"categories":[6],"tags":[],"class_list":{"0":"post-23057","1":"post","2":"type-post","3":"status-publish","4":"format-standard","5":"has-post-thumbnail","7":"category-itaqua"},"_links":{"self":[{"href":"https:\/\/jm-metropole.com.br\/site\/wp-json\/wp\/v2\/posts\/23057","targetHints":{"allow":["GET"]}}],"collection":[{"href":"https:\/\/jm-metropole.com.br\/site\/wp-json\/wp\/v2\/posts"}],"about":[{"href":"https:\/\/jm-metropole.com.br\/site\/wp-json\/wp\/v2\/types\/post"}],"author":[{"embeddable":true,"href":"https:\/\/jm-metropole.com.br\/site\/wp-json\/wp\/v2\/users\/1"}],"replies":[{"embeddable":true,"href":"https:\/\/jm-metropole.com.br\/site\/wp-json\/wp\/v2\/comments?post=23057"}],"version-history":[{"count":1,"href":"https:\/\/jm-metropole.com.br\/site\/wp-json\/wp\/v2\/posts\/23057\/revisions"}],"predecessor-version":[{"id":23059,"href":"https:\/\/jm-metropole.com.br\/site\/wp-json\/wp\/v2\/posts\/23057\/revisions\/23059"}],"wp:featuredmedia":[{"embeddable":true,"href":"https:\/\/jm-metropole.com.br\/site\/wp-json\/wp\/v2\/media\/23058"}],"wp:attachment":[{"href":"https:\/\/jm-metropole.com.br\/site\/wp-json\/wp\/v2\/media?parent=23057"}],"wp:term":[{"taxonomy":"category","embeddable":true,"href":"https:\/\/jm-metropole.com.br\/site\/wp-json\/wp\/v2\/categories?post=23057"},{"taxonomy":"post_tag","embeddable":true,"href":"https:\/\/jm-metropole.com.br\/site\/wp-json\/wp\/v2\/tags?post=23057"}],"curies":[{"name":"wp","href":"https:\/\/api.w.org\/{rel}","templated":true}]}}