{"id":23054,"date":"2025-02-04T08:20:04","date_gmt":"2025-02-04T11:20:04","guid":{"rendered":"https:\/\/jm-metropole.com.br\/site\/?p=23054"},"modified":"2025-02-04T08:20:04","modified_gmt":"2025-02-04T11:20:04","slug":"condemat-se-mobiliza-em-busca-de-investimentos-com-estado-para-conter-impactos-das-chuvas","status":"publish","type":"post","link":"https:\/\/jm-metropole.com.br\/site\/condemat-se-mobiliza-em-busca-de-investimentos-com-estado-para-conter-impactos-das-chuvas\/","title":{"rendered":"Condemat+ se mobiliza em busca de investimentos com Estado para conter impactos das chuvas"},"content":{"rendered":"<p>Mais de 120 pessoas est\u00e3o desabrigadas e outras 1,3 mil est\u00e3o desalojadas. Ruas e estradas ainda est\u00e3o alagadas na regi\u00e3o. Acesso da Rodovia Ayrton Senna em Itaqu\u00e1 teve de ser fechado temporariamente<\/p>\n<p>Prefeitos do Cons\u00f3rcio de Desenvolvimento dos Munic\u00edpios do Alto Tiet\u00ea e Regi\u00e3o (Condemat+) se reuniram na tarde desta segunda-feira (3\/2) com o governador de S\u00e3o Paulo, Tarc\u00edsio Gomes de Freitas, no Pal\u00e1cio dos Bandeirantes. Eles apresentaram um panorama da situa\u00e7\u00e3o das cidades ap\u00f3s as fortes chuvas do fim de semana. Itaquaquecetuba e Po\u00e1 decretaram situa\u00e7\u00e3o de emerg\u00eancia. S\u00e3o mais de 120 pessoas desabrigadas e 1,3 mil desalojados na regi\u00e3o. H\u00e1 centenas de casas interditadas pela Defesa Civil e vias intransit\u00e1veis.<\/p>\n<p>O presidente do Condemat+, prefeito de Itaqu\u00e1, Eduardo Boigues, prefeito de Santa Isabel, Carlos Chinchilla, de Suzano, Pedro Ishi, de Po\u00e1, Saulo Souza, de Mairipor\u00e3, Walid Ali Hamid, o Aladim, o vice-prefeito de Aruj\u00e1, Rodolfo Ribeiro Machado e representantes de outras cidades participaram de encontro. Entre as medidas apresentadas pelo governo est\u00e3o a libera\u00e7\u00e3o de recursos emergenciais, apoio da Defesa Civil estadual e ajuda humanit\u00e1ria.<br \/>\nBoigues decretou situa\u00e7\u00e3o de emerg\u00eancia em seu munic\u00edpio. Quatro abrigos foram abertos na cidade para receber 100 pessoas que tiveram de deixar suas moradias e est\u00e3o desabrigadas. H\u00e1 ainda outras 1,2 mil pessoas que est\u00e3o desalojadas. O acesso da Rodovia Ayrton Senna ao munic\u00edpio teve de ser bloqueado devido ao alagamento na entrada da cidade.<\/p>\n<p>Po\u00e1 tamb\u00e9m publicou decreto de estado de emerg\u00eancia. Segundo a Prefeitura, 100 pessoas tiveram suas casas interditadas por risco total ou parcial de desabamento. Uma \u00e1rea no Jardim Nova Po\u00e1 teve deslizamento de terra. Por preven\u00e7\u00e3o, um abrigo j\u00e1 foi organizado na Pra\u00e7a de Eventos, mas ainda n\u00e3o h\u00e1 fam\u00edlias no local.<br \/>\nEm Mogi das Cruzes, 8 fam\u00edlias est\u00e3o desabrigadas e foram alocadas em um abrigo tempor\u00e1rio da Prefeitura. A \u00e1rea com maior problema \u00e9 no bairro Orop\u00f3, com registrado de deslizamento e alagamento nas avenidas Austr\u00e1lia e Oceania. Nesta regi\u00e3o houve uma movimenta\u00e7\u00e3o de massa, com desmoronamento de um barranco e obstru\u00e7\u00e3o do Rio Orop\u00f3, o que resultou em inunda\u00e7\u00e3o de parte do bairro.<\/p>\n<p>J\u00e1 em Suzano 17 pessoas foram acolhidas em um abrigo tempor\u00e1rio da Prefeitura. A cidade registra deslizamento em 11 \u00e1reas. Na vizinha, Ferraz de Vasconcelos, a Defesa Civil interditou 20 casas. As fam\u00edlias foram para casa de amigos e familiares.<\/p>\n<p>Biritiba Mirim tamb\u00e9m teve impactos com as chuvas com pontos de alagamento nos bairros Jardim Yoneda, Vila Santo Ant\u00f4nio e Vale Verde. No bairro Rio Acima houve desmoronamento de terra. Na cidade de Sales\u00f3polis a extensa \u00e1rea rural teve as vias bastante prejudicadas e h\u00e1 locais em que est\u00e3o obstru\u00eddas. Em Igarat\u00e1, a Prefeitura registrou um deslizamento.<\/p>\n<p>Na cidade de Santa Branca, 5 pontes est\u00e3o com alto risco de desabamento. De acordo com a Defesa Civil local, elas est\u00e3o situadas nos bairros Est\u00e2ncia Nova Campos do Jord\u00e3o, Paraibuna e Br\u00e1s Caxi. A popula\u00e7\u00e3o est\u00e1 isolada e as crian\u00e7as est\u00e3o impossibilitadas de frequentar a escola. A parede de uma das casas caiu e a fam\u00edlia deve ser removida do local.<\/p>\n<p>Donativos<br \/>\nOs Fundos Sociais das cidades est\u00e3o em campanha de arrecada\u00e7\u00e3o de donativos para auxiliar as fam\u00edlias necessitadas. \u00c1gua pot\u00e1vel, itens de higiene e de limpeza, alimentos e roupas s\u00e3o os artigos de maior urg\u00eancia no momento.<\/p>\n","protected":false},"excerpt":{"rendered":"<p>Mais de 120 pessoas est\u00e3o desabrigadas e outras 1,3 mil est\u00e3o desalojadas. Ruas e estradas ainda est\u00e3o alagadas na regi\u00e3o. Acesso da Rodovia Ayrton Senna em Itaqu\u00e1 teve de ser fechado temporariamente Prefeitos do Cons\u00f3rcio de Desenvolvimento dos Munic\u00edpios do Alto Tiet\u00ea e Regi\u00e3o (Condemat+) se reuniram na tarde desta segunda-feira (3\/2) com o governador [&hellip;]<\/p>\n","protected":false},"author":1,"featured_media":23055,"comment_status":"open","ping_status":"open","sticky":false,"template":"","format":"standard","meta":{"footnotes":""},"categories":[1],"tags":[],"class_list":{"0":"post-23054","1":"post","2":"type-post","3":"status-publish","4":"format-standard","5":"has-post-thumbnail","7":"category-tudo"},"_links":{"self":[{"href":"https:\/\/jm-metropole.com.br\/site\/wp-json\/wp\/v2\/posts\/23054","targetHints":{"allow":["GET"]}}],"collection":[{"href":"https:\/\/jm-metropole.com.br\/site\/wp-json\/wp\/v2\/posts"}],"about":[{"href":"https:\/\/jm-metropole.com.br\/site\/wp-json\/wp\/v2\/types\/post"}],"author":[{"embeddable":true,"href":"https:\/\/jm-metropole.com.br\/site\/wp-json\/wp\/v2\/users\/1"}],"replies":[{"embeddable":true,"href":"https:\/\/jm-metropole.com.br\/site\/wp-json\/wp\/v2\/comments?post=23054"}],"version-history":[{"count":1,"href":"https:\/\/jm-metropole.com.br\/site\/wp-json\/wp\/v2\/posts\/23054\/revisions"}],"predecessor-version":[{"id":23056,"href":"https:\/\/jm-metropole.com.br\/site\/wp-json\/wp\/v2\/posts\/23054\/revisions\/23056"}],"wp:featuredmedia":[{"embeddable":true,"href":"https:\/\/jm-metropole.com.br\/site\/wp-json\/wp\/v2\/media\/23055"}],"wp:attachment":[{"href":"https:\/\/jm-metropole.com.br\/site\/wp-json\/wp\/v2\/media?parent=23054"}],"wp:term":[{"taxonomy":"category","embeddable":true,"href":"https:\/\/jm-metropole.com.br\/site\/wp-json\/wp\/v2\/categories?post=23054"},{"taxonomy":"post_tag","embeddable":true,"href":"https:\/\/jm-metropole.com.br\/site\/wp-json\/wp\/v2\/tags?post=23054"}],"curies":[{"name":"wp","href":"https:\/\/api.w.org\/{rel}","templated":true}]}}