{"id":23041,"date":"2025-01-31T09:11:39","date_gmt":"2025-01-31T12:11:39","guid":{"rendered":"https:\/\/jm-metropole.com.br\/site\/?p=23041"},"modified":"2025-01-31T09:11:39","modified_gmt":"2025-01-31T12:11:39","slug":"gcm-de-itaqua-resgata-vitima-de-sequestro-relampago-e-prende-tres-em-flagrante","status":"publish","type":"post","link":"https:\/\/jm-metropole.com.br\/site\/gcm-de-itaqua-resgata-vitima-de-sequestro-relampago-e-prende-tres-em-flagrante\/","title":{"rendered":"GCM de Itaqu\u00e1 resgata v\u00edtima de sequestro rel\u00e2mpago e prende tr\u00eas em flagrante"},"content":{"rendered":"<p>Opera\u00e7\u00e3o envolveu trabalho de intelig\u00eancia e monitoramento<\/p>\n<p>A Guarda Civil Municipal de Itaquaquecetuba resgatou, na tarde desta quinta-feira (30), uma v\u00edtima de sequestro rel\u00e2mpago e prendeu tr\u00eas suspeitos em flagrante. A opera\u00e7\u00e3o, que envolveu um trabalho de intelig\u00eancia e monitoramento, resultou na localiza\u00e7\u00e3o do cativeiro e na deten\u00e7\u00e3o dos envolvidos.<\/p>\n<p>A v\u00edtima foi sequestrada na noite de quarta-feira (29), por volta das 20h, e mantida em cativeiro at\u00e9 o in\u00edcio da tarde desta quinta, quando os agentes da GCM conseguiram libert\u00e1-la. Durante o tempo em que esteve sob poder dos criminosos, a conta banc\u00e1ria da v\u00edtima, que \u00e9 um servidor municipal, foi movimentada por meio de transfer\u00eancias via PIX. O trabalho r\u00e1pido da GCM apontou o CPF de um dos destinat\u00e1rios das quantias, levando os guardas at\u00e9 o endere\u00e7o registrado, onde um dos suspeitos foi preso.<\/p>\n<p>Transa\u00e7\u00f5es no cart\u00e3o da v\u00edtima foram detectadas em um com\u00e9rcio na estrada de S\u00e3o Bento. Com imagens das c\u00e2meras de seguran\u00e7a, os agentes identificaram um dos autores e o seguiram at\u00e9 o cativeiro. No endere\u00e7o, dois homens foram detidos, um deles portando um simulacro de arma de fogo na porta do local onde a v\u00edtima era mantida ref\u00e9m.<\/p>\n<p>Os tr\u00eas suspeitos foram encaminhados \u00e0 delegacia, onde o auto de pris\u00e3o em flagrante foi lavrado pela Pol\u00edcia Civil. O servidor foi atendido e passa bem. As autoridades continuam investigando o caso para identificar poss\u00edveis conex\u00f5es com outros crimes semelhantes.<\/p>\n<p>&#8220;Estamos em cima das quadrilhas que aterrorizam a vida dos cidad\u00e3os de bem na nossa cidade. Aqui n\u00e3o tem espa\u00e7o para a criminalidade e vamos bater de frente com qualquer atividade suspeita&#8221;, declarou o secret\u00e1rio de Seguran\u00e7a Urbana, Anderson Caldeira.<\/p>\n<p>&#8220;A bandidagem n\u00e3o tem vez em Itaqu\u00e1. Vamos continuar investindo em equipamentos e servi\u00e7os intelig\u00eancia para que, quando necess\u00e1rio, nossas for\u00e7as de seguran\u00e7a possam agir de maneira assertiva. \u00c9 uma pena ver que jovens escolhem o caminho errado, mas aqui n\u00e3o existe toler\u00e2ncia para o crime. Agora s\u00e3o tr\u00eas bandidos a menos nas ruas&#8221;, completou o prefeito Eduardo Boigues.<\/p>\n","protected":false},"excerpt":{"rendered":"<p>Opera\u00e7\u00e3o envolveu trabalho de intelig\u00eancia e monitoramento A Guarda Civil Municipal de Itaquaquecetuba resgatou, na tarde desta quinta-feira (30), uma v\u00edtima de sequestro rel\u00e2mpago e prendeu tr\u00eas suspeitos em flagrante. A opera\u00e7\u00e3o, que envolveu um trabalho de intelig\u00eancia e monitoramento, resultou na localiza\u00e7\u00e3o do cativeiro e na deten\u00e7\u00e3o dos envolvidos. A v\u00edtima foi sequestrada na [&hellip;]<\/p>\n","protected":false},"author":1,"featured_media":23042,"comment_status":"open","ping_status":"open","sticky":false,"template":"","format":"standard","meta":{"footnotes":""},"categories":[6],"tags":[],"class_list":{"0":"post-23041","1":"post","2":"type-post","3":"status-publish","4":"format-standard","5":"has-post-thumbnail","7":"category-itaqua"},"_links":{"self":[{"href":"https:\/\/jm-metropole.com.br\/site\/wp-json\/wp\/v2\/posts\/23041","targetHints":{"allow":["GET"]}}],"collection":[{"href":"https:\/\/jm-metropole.com.br\/site\/wp-json\/wp\/v2\/posts"}],"about":[{"href":"https:\/\/jm-metropole.com.br\/site\/wp-json\/wp\/v2\/types\/post"}],"author":[{"embeddable":true,"href":"https:\/\/jm-metropole.com.br\/site\/wp-json\/wp\/v2\/users\/1"}],"replies":[{"embeddable":true,"href":"https:\/\/jm-metropole.com.br\/site\/wp-json\/wp\/v2\/comments?post=23041"}],"version-history":[{"count":1,"href":"https:\/\/jm-metropole.com.br\/site\/wp-json\/wp\/v2\/posts\/23041\/revisions"}],"predecessor-version":[{"id":23043,"href":"https:\/\/jm-metropole.com.br\/site\/wp-json\/wp\/v2\/posts\/23041\/revisions\/23043"}],"wp:featuredmedia":[{"embeddable":true,"href":"https:\/\/jm-metropole.com.br\/site\/wp-json\/wp\/v2\/media\/23042"}],"wp:attachment":[{"href":"https:\/\/jm-metropole.com.br\/site\/wp-json\/wp\/v2\/media?parent=23041"}],"wp:term":[{"taxonomy":"category","embeddable":true,"href":"https:\/\/jm-metropole.com.br\/site\/wp-json\/wp\/v2\/categories?post=23041"},{"taxonomy":"post_tag","embeddable":true,"href":"https:\/\/jm-metropole.com.br\/site\/wp-json\/wp\/v2\/tags?post=23041"}],"curies":[{"name":"wp","href":"https:\/\/api.w.org\/{rel}","templated":true}]}}