{"id":22878,"date":"2025-01-13T12:51:26","date_gmt":"2025-01-13T15:51:26","guid":{"rendered":"https:\/\/jm-metropole.com.br\/site\/?p=22878"},"modified":"2025-01-13T12:51:26","modified_gmt":"2025-01-13T15:51:26","slug":"medalhistas-bia-souza-e-william-lima-visitam-mogi-das-cruzes-e-participam-de-atividades-com-atletas-da-cidade","status":"publish","type":"post","link":"https:\/\/jm-metropole.com.br\/site\/medalhistas-bia-souza-e-william-lima-visitam-mogi-das-cruzes-e-participam-de-atividades-com-atletas-da-cidade\/","title":{"rendered":"Medalhistas Bia Souza e William Lima visitam Mogi das Cruzes e participam de atividades com atletas da cidade"},"content":{"rendered":"<p>O final de semana foi de muito jud\u00f4 em Mogi das Cruzes, com as visitas da campe\u00e3 ol\u00edmpica Bia Souza e do medalhista de prata William Lima. Os eventos foram realizados no Gin\u00e1sio Poliesportivo Jos\u00e9 Carlos Miller da Silveira \u2013 Tuta e promovidos pelo Sesc Mogi das Cruzes, dentro do projeto Sesc Ver\u00e3o, e teve parceria com a Prefeitura de Mogi das Cruzes. Cerca de 2,5 mil pessoas estiveram presentes nos dois dias.<\/p>\n<p>Na manh\u00e3 deste s\u00e1bado (11\/01), a cidade recebeu a medalhista de ouro em Paris 2024 Bia Souza para uma a\u00e7\u00e3o no Gin\u00e1sio Tuta. A judoca participou de um bate-papo com o p\u00fablico presente sobre sua trajet\u00f3ria e tamb\u00e9m participou de um treinamento com jovens atletas de academias da regi\u00e3o, uma parceria com a Federa\u00e7\u00e3o Paulista de Jud\u00f4.<\/p>\n<p>\u201cAcho incr\u00edvel, porque eu j\u00e1 estive na posi\u00e7\u00e3o deles. Muitos vieram para mim, foram minhas grandes inspira\u00e7\u00f5es e s\u00e3o at\u00e9 hoje. Isso \u00e9 muito importante para eles acreditarem que \u00e9 poss\u00edvel chegar, construir uma grande carreira e uma grande hist\u00f3ria dentro do esporte. Para mim, \u00e9 uma honra poder estar nesta posi\u00e7\u00e3o hoje\u201d, disse a campe\u00e3 ol\u00edmpica, que tamb\u00e9m participou da equipe que conquistou o bronze por equipes.<\/p>\n<p>A prefeita Mara Bertaiolli e o vice-prefeito T\u00e9o Cusatis acompanharam o evento deste s\u00e1bado. Mara destacou a import\u00e2ncia da parceria entre a administra\u00e7\u00e3o municipal e o Sesc de Mogi das Cruzes para fomentar o esporte na cidade e que o exemplo de Bia Souza pode servir como motiva\u00e7\u00e3o para os atletas mogianos.<\/p>\n<p>\u201cFoi uma alegria imensa conhecer e receber a Bia Souza, medalhista ol\u00edmpica de jud\u00f4. Sua hist\u00f3ria de dedica\u00e7\u00e3o e supera\u00e7\u00e3o \u00e9 uma inspira\u00e7\u00e3o para todos n\u00f3s e refor\u00e7a o valor do esporte na transforma\u00e7\u00e3o de vidas. Esse foi o primeiro grande evento da retomada da parceria entre a Prefeitura e o Sesc Mogi, um passo essencial para criar mais oportunidades e fortalecer o esporte na nossa cidade\u201d, disse a prefeita.<\/p>\n<p>J\u00e1 na manh\u00e3 deste domingo (12\/01), foi a vez do mogiano William Lima participar da a\u00e7\u00e3o na cidade. Ele tamb\u00e9m falou um pouco sobre sua trajet\u00f3ria no jud\u00f4. William destacou o seu in\u00edcio no esporte, aos seis anos, no projeto de inicia\u00e7\u00e3o desenvolvido pela Prefeitura de Mogi das Cruzes, no antigo Centro Esportivo do Socorro, e o caminho que o levou a conquista a medalha de prata na categoria 66 kg e medalha de bronze por equipes na Olimp\u00edada de Paris.<\/p>\n<p>&#8220;O esporte mudou a minha vida. Se n\u00e3o tivesse este investimento p\u00fablico, eu n\u00e3o teria esta oportunidade e n\u00e3o teria me tornado medalhista ol\u00edmpico. O jud\u00f4 n\u00e3o s\u00f3 moldou a minha profiss\u00e3o, como minha vida e meu car\u00e1ter&#8221;, destacou William.<\/p>\n<p>Na sequ\u00eancia, foi realizado um Festival de Jud\u00f4, com a participa\u00e7\u00e3o de cerca de 300 jovens atletas, uma parceria com a Federa\u00e7\u00e3o Paulista da modalidade.<\/p>\n","protected":false},"excerpt":{"rendered":"<p>O final de semana foi de muito jud\u00f4 em Mogi das Cruzes, com as visitas da campe\u00e3 ol\u00edmpica Bia Souza e do medalhista de prata William Lima. Os eventos foram realizados no Gin\u00e1sio Poliesportivo Jos\u00e9 Carlos Miller da Silveira \u2013 Tuta e promovidos pelo Sesc Mogi das Cruzes, dentro do projeto Sesc Ver\u00e3o, e teve [&hellip;]<\/p>\n","protected":false},"author":1,"featured_media":22879,"comment_status":"open","ping_status":"open","sticky":false,"template":"","format":"standard","meta":{"footnotes":""},"categories":[10],"tags":[],"class_list":{"0":"post-22878","1":"post","2":"type-post","3":"status-publish","4":"format-standard","5":"has-post-thumbnail","7":"category-mogi-das-cruzes"},"_links":{"self":[{"href":"https:\/\/jm-metropole.com.br\/site\/wp-json\/wp\/v2\/posts\/22878","targetHints":{"allow":["GET"]}}],"collection":[{"href":"https:\/\/jm-metropole.com.br\/site\/wp-json\/wp\/v2\/posts"}],"about":[{"href":"https:\/\/jm-metropole.com.br\/site\/wp-json\/wp\/v2\/types\/post"}],"author":[{"embeddable":true,"href":"https:\/\/jm-metropole.com.br\/site\/wp-json\/wp\/v2\/users\/1"}],"replies":[{"embeddable":true,"href":"https:\/\/jm-metropole.com.br\/site\/wp-json\/wp\/v2\/comments?post=22878"}],"version-history":[{"count":1,"href":"https:\/\/jm-metropole.com.br\/site\/wp-json\/wp\/v2\/posts\/22878\/revisions"}],"predecessor-version":[{"id":22880,"href":"https:\/\/jm-metropole.com.br\/site\/wp-json\/wp\/v2\/posts\/22878\/revisions\/22880"}],"wp:featuredmedia":[{"embeddable":true,"href":"https:\/\/jm-metropole.com.br\/site\/wp-json\/wp\/v2\/media\/22879"}],"wp:attachment":[{"href":"https:\/\/jm-metropole.com.br\/site\/wp-json\/wp\/v2\/media?parent=22878"}],"wp:term":[{"taxonomy":"category","embeddable":true,"href":"https:\/\/jm-metropole.com.br\/site\/wp-json\/wp\/v2\/categories?post=22878"},{"taxonomy":"post_tag","embeddable":true,"href":"https:\/\/jm-metropole.com.br\/site\/wp-json\/wp\/v2\/tags?post=22878"}],"curies":[{"name":"wp","href":"https:\/\/api.w.org\/{rel}","templated":true}]}}