{"id":22856,"date":"2025-01-10T07:57:39","date_gmt":"2025-01-10T10:57:39","guid":{"rendered":"https:\/\/jm-metropole.com.br\/site\/?p=22856"},"modified":"2025-01-10T07:57:39","modified_gmt":"2025-01-10T10:57:39","slug":"seguranca-cidada-apresenta-novo-subcomandante-da-gcm-de-suzano","status":"publish","type":"post","link":"https:\/\/jm-metropole.com.br\/site\/seguranca-cidada-apresenta-novo-subcomandante-da-gcm-de-suzano\/","title":{"rendered":"Seguran\u00e7a Cidad\u00e3 apresenta novo subcomandante da GCM de Suzano"},"content":{"rendered":"<p>Rodrigo Kanashiro \u00e9 agente de 1\u00aa Classe, tem 15 anos de experi\u00eancia e j\u00e1 atuou em todos os grupamento e setores da corpora\u00e7\u00e3o<\/p>\n<p>A Secretaria de Seguran\u00e7a Cidad\u00e3 de Suzano apresentou na manh\u00e3 desta quinta-feira (09\/01) o novo subcomandante da Guarda Civil Municipal (GCM). Trata-se do agente de 1\u00aa Classe Rodrigo Kanashiro, de 34 anos, que tem uma d\u00e9cada e meia de atua\u00e7\u00e3o na corpora\u00e7\u00e3o trabalhando em todos os grupamentos especializados e demais setores. O \u00faltimo em que Kanashiro atuou antes de assumir o cargo foi a Ronda Ostensiva Municipal (Romu), como coordenador.<\/p>\n<p>O subcomandante assume o posto at\u00e9 ent\u00e3o ocupado por Edmundo Gomes da Silva, no cargo desde junho de 2023. A comandante da GCM suzanense, Tatiana Orita, segue \u00e0 frente da corpora\u00e7\u00e3o e agora ter\u00e1 o aux\u00edlio de Kanashiro para liderar os 206 agentes distribu\u00eddos entre os grupamentos For\u00e7a Patrulha, Romu, Ronda Ostensiva com Motocicleta (Romo), Patrulha Maria da Penha e Canil, al\u00e9m daqueles que atuam na sede, no Jardim Lincoln, e nas bases do Pa\u00e7o Municipal Prefeito Firmino Jos\u00e9 da Costa, do Parque Municipal Max Feffer e do Jardim Casa Branca, na Base de Seguran\u00e7a Integrada (BSI), que fica na Pra\u00e7a Jo\u00e3o Pessoa, e na Central de Seguran\u00e7a Integrada (CSI), tamb\u00e9m no Pa\u00e7o Municipal.<\/p>\n<p>&#8220;Agrade\u00e7o a confian\u00e7a depositada em mim para essa fun\u00e7\u00e3o. Vou responder \u00e0 altura que a nossa GCM merece e contribuir com as demais for\u00e7as de seguran\u00e7a que atuam em nossa cidade para transformar Suzano em uma cidade cada vez mais segura&#8221;, destacou o novo subcomandante.<\/p>\n<p>O secret\u00e1rio Francisco Balbino deu boas-vindas ao subcomandante e destacou que ele possui todas as qualifica\u00e7\u00f5es necess\u00e1rias para ocupar o cargo. \u201cKanashiro \u00e9 um dos agentes mais experientes da nossa GCM. Seus anos de atua\u00e7\u00e3o embasam nossa decis\u00e3o de al\u00e7\u00e1-lo ao posto de subcomandante e tenho certeza de que ele far\u00e1 um grande trabalho ao lado da comandante Tatiana\u201d.<\/p>\n<p>Por sua vez, o prefeito Pedro Ishi agradeceu ao antecessor de Kanashiro pelos trabalhos prestados ao longo de um ano e meio. \u201cToda minha gratid\u00e3o ao Gomes, que desempenhou um bom trabalho na lideran\u00e7a da nossa GCM, e fa\u00e7o votos que o novo subcomandante tamb\u00e9m possa fazer a diferen\u00e7a em nossa corpora\u00e7\u00e3o, que \u00e9 respeitada e reconhecida em todo o Estado de S\u00e3o Paulo e fora dele, a tornando ainda mais conhecida e eficaz na presta\u00e7\u00e3o de servi\u00e7o \u00e0 nossa popula\u00e7\u00e3o\u201d, finalizou o chefe do Poder Executivo.<\/p>\n<p>Cr\u00e9dito das fotos: Divulga\u00e7\u00e3o\/Secop Suzano<\/p>\n","protected":false},"excerpt":{"rendered":"<p>Rodrigo Kanashiro \u00e9 agente de 1\u00aa Classe, tem 15 anos de experi\u00eancia e j\u00e1 atuou em todos os grupamento e setores da corpora\u00e7\u00e3o A Secretaria de Seguran\u00e7a Cidad\u00e3 de Suzano apresentou na manh\u00e3 desta quinta-feira (09\/01) o novo subcomandante da Guarda Civil Municipal (GCM). Trata-se do agente de 1\u00aa Classe Rodrigo Kanashiro, de 34 anos, [&hellip;]<\/p>\n","protected":false},"author":1,"featured_media":22858,"comment_status":"open","ping_status":"open","sticky":false,"template":"","format":"standard","meta":{"footnotes":""},"categories":[9],"tags":[],"class_list":{"0":"post-22856","1":"post","2":"type-post","3":"status-publish","4":"format-standard","5":"has-post-thumbnail","7":"category-suzano"},"_links":{"self":[{"href":"https:\/\/jm-metropole.com.br\/site\/wp-json\/wp\/v2\/posts\/22856","targetHints":{"allow":["GET"]}}],"collection":[{"href":"https:\/\/jm-metropole.com.br\/site\/wp-json\/wp\/v2\/posts"}],"about":[{"href":"https:\/\/jm-metropole.com.br\/site\/wp-json\/wp\/v2\/types\/post"}],"author":[{"embeddable":true,"href":"https:\/\/jm-metropole.com.br\/site\/wp-json\/wp\/v2\/users\/1"}],"replies":[{"embeddable":true,"href":"https:\/\/jm-metropole.com.br\/site\/wp-json\/wp\/v2\/comments?post=22856"}],"version-history":[{"count":1,"href":"https:\/\/jm-metropole.com.br\/site\/wp-json\/wp\/v2\/posts\/22856\/revisions"}],"predecessor-version":[{"id":22859,"href":"https:\/\/jm-metropole.com.br\/site\/wp-json\/wp\/v2\/posts\/22856\/revisions\/22859"}],"wp:featuredmedia":[{"embeddable":true,"href":"https:\/\/jm-metropole.com.br\/site\/wp-json\/wp\/v2\/media\/22858"}],"wp:attachment":[{"href":"https:\/\/jm-metropole.com.br\/site\/wp-json\/wp\/v2\/media?parent=22856"}],"wp:term":[{"taxonomy":"category","embeddable":true,"href":"https:\/\/jm-metropole.com.br\/site\/wp-json\/wp\/v2\/categories?post=22856"},{"taxonomy":"post_tag","embeddable":true,"href":"https:\/\/jm-metropole.com.br\/site\/wp-json\/wp\/v2\/tags?post=22856"}],"curies":[{"name":"wp","href":"https:\/\/api.w.org\/{rel}","templated":true}]}}