{"id":22849,"date":"2025-01-09T17:52:13","date_gmt":"2025-01-09T20:52:13","guid":{"rendered":"https:\/\/jm-metropole.com.br\/site\/?p=22849"},"modified":"2025-01-09T17:52:13","modified_gmt":"2025-01-09T20:52:13","slug":"defesa-civil-de-itaqua-finaliza-vistoria-tecnica-em-mais-de-100-equipamentos-publicos","status":"publish","type":"post","link":"https:\/\/jm-metropole.com.br\/site\/defesa-civil-de-itaqua-finaliza-vistoria-tecnica-em-mais-de-100-equipamentos-publicos\/","title":{"rendered":"Defesa Civil de Itaqu\u00e1 finaliza vistoria t\u00e9cnica em mais de 100 equipamentos p\u00fablicos"},"content":{"rendered":"<p>Ao todo, 78 unidades de ensino e 25 de sa\u00fade foram avaliadas<\/p>\n<p>A Defesa Civil de Itaquaquecetuba concluiu uma s\u00e9rie de vistorias t\u00e9cnicas em equipamentos p\u00fablicos do munic\u00edpio. O trabalho envolveu agentes do \u00f3rg\u00e3o que avaliaram a integridade estrutural de 78 unidades de ensino e 25 de sa\u00fade, preparando-as para poss\u00edveis situa\u00e7\u00f5es de emerg\u00eancia.<\/p>\n<p>Durante as inspe\u00e7\u00f5es, os agentes verificaram se as instala\u00e7\u00f5es est\u00e3o aptas para serem utilizadas como abrigos em caso de necessidade e identificaram poss\u00edveis vulnerabilidades em \u00e1reas de risco. O coordenador da Defesa Civil, Anderson Marchiori, destacou o car\u00e1ter detalhado do trabalho.<\/p>\n<p>&#8220;Geramos um relat\u00f3rio t\u00e9cnico completo para cada vistoria com observa\u00e7\u00f5es sobre as condi\u00e7\u00f5es da unidade e, quando necess\u00e1rio, recomenda\u00e7\u00f5es para melhorias ou reparos estruturais&#8221;, explicou. Com a finaliza\u00e7\u00e3o das vistorias, os relat\u00f3rios j\u00e1 foram encaminhados aos setores respons\u00e1veis.<\/p>\n<p>O prefeito Eduardo Boigues comentou o trabalho. &#8220;Foi feita uma avalia\u00e7\u00e3o criteriosa e respons\u00e1vel para garantir que os equipamentos possam receber interven\u00e7\u00f5es que os tornem ainda mais seguros. Mesmo melhorias simples podem fazer a diferen\u00e7a em situa\u00e7\u00f5es de emerg\u00eancia&#8221;, refor\u00e7ou.<\/p>\n","protected":false},"excerpt":{"rendered":"<p>Ao todo, 78 unidades de ensino e 25 de sa\u00fade foram avaliadas A Defesa Civil de Itaquaquecetuba concluiu uma s\u00e9rie de vistorias t\u00e9cnicas em equipamentos p\u00fablicos do munic\u00edpio. O trabalho envolveu agentes do \u00f3rg\u00e3o que avaliaram a integridade estrutural de 78 unidades de ensino e 25 de sa\u00fade, preparando-as para poss\u00edveis situa\u00e7\u00f5es de emerg\u00eancia. Durante [&hellip;]<\/p>\n","protected":false},"author":1,"featured_media":22850,"comment_status":"open","ping_status":"open","sticky":false,"template":"","format":"standard","meta":{"footnotes":""},"categories":[6],"tags":[],"class_list":{"0":"post-22849","1":"post","2":"type-post","3":"status-publish","4":"format-standard","5":"has-post-thumbnail","7":"category-itaqua"},"_links":{"self":[{"href":"https:\/\/jm-metropole.com.br\/site\/wp-json\/wp\/v2\/posts\/22849","targetHints":{"allow":["GET"]}}],"collection":[{"href":"https:\/\/jm-metropole.com.br\/site\/wp-json\/wp\/v2\/posts"}],"about":[{"href":"https:\/\/jm-metropole.com.br\/site\/wp-json\/wp\/v2\/types\/post"}],"author":[{"embeddable":true,"href":"https:\/\/jm-metropole.com.br\/site\/wp-json\/wp\/v2\/users\/1"}],"replies":[{"embeddable":true,"href":"https:\/\/jm-metropole.com.br\/site\/wp-json\/wp\/v2\/comments?post=22849"}],"version-history":[{"count":1,"href":"https:\/\/jm-metropole.com.br\/site\/wp-json\/wp\/v2\/posts\/22849\/revisions"}],"predecessor-version":[{"id":22851,"href":"https:\/\/jm-metropole.com.br\/site\/wp-json\/wp\/v2\/posts\/22849\/revisions\/22851"}],"wp:featuredmedia":[{"embeddable":true,"href":"https:\/\/jm-metropole.com.br\/site\/wp-json\/wp\/v2\/media\/22850"}],"wp:attachment":[{"href":"https:\/\/jm-metropole.com.br\/site\/wp-json\/wp\/v2\/media?parent=22849"}],"wp:term":[{"taxonomy":"category","embeddable":true,"href":"https:\/\/jm-metropole.com.br\/site\/wp-json\/wp\/v2\/categories?post=22849"},{"taxonomy":"post_tag","embeddable":true,"href":"https:\/\/jm-metropole.com.br\/site\/wp-json\/wp\/v2\/tags?post=22849"}],"curies":[{"name":"wp","href":"https:\/\/api.w.org\/{rel}","templated":true}]}}