{"id":22846,"date":"2025-01-09T17:49:49","date_gmt":"2025-01-09T20:49:49","guid":{"rendered":"https:\/\/jm-metropole.com.br\/site\/?p=22846"},"modified":"2025-01-09T17:49:49","modified_gmt":"2025-01-09T20:49:49","slug":"aster-itaqua-enfrenta-vila-nova-go-nesta-sexta-10-em-busca-da-classificacao-na-copinha","status":"publish","type":"post","link":"https:\/\/jm-metropole.com.br\/site\/aster-itaqua-enfrenta-vila-nova-go-nesta-sexta-10-em-busca-da-classificacao-na-copinha\/","title":{"rendered":"Aster Itaqu\u00e1 enfrenta Vila Nova (GO) nesta sexta (10) em busca da classifica\u00e7\u00e3o na Copinha"},"content":{"rendered":"<p>Equipe conta com o apoio da torcida para buscar vit\u00f3ria e classifica\u00e7\u00e3o<\/p>\n<p>O Aster Itaqu\u00e1 entra em campo nesta sexta-feira (10), \u00e0s 15h15, para enfrentar o Vila Nova (GO) em uma partida decisiva pela Copa S\u00e3o Paulo de Futebol J\u00fanior, no Campo do Brasil, em Itaquaquecetuba. O time de Itaqu\u00e1 sofreu sua primeira derrota na \u00faltima rodada, quando foi superado por 2 a 0 pelo Falcon (SE), e agora precisa de uma vit\u00f3ria para garantir a classifica\u00e7\u00e3o na pr\u00f3xima fase.<\/p>\n<p>Atualmente, o Aster ocupa a terceira coloca\u00e7\u00e3o no grupo 28, com tr\u00eas pontos. J\u00e1 o Vila Nova (GO), que venceu o Dourados (MS) por 2 a 0, est\u00e1 em segundo lugar. Com duas derrotas, o Dourados \u00e9 eliminado e figura em quarto lugar no grupo. Se o Aster n\u00e3o vencer o Vila Nova, seja em empate ou derrota, a equipe ser\u00e1 eliminada.<\/p>\n<p>&#8220;Essa \u00e9 a rodada que vai definir a continua\u00e7\u00e3o do Aster Itaqu\u00e1 na competi\u00e7\u00e3o. A torcida est\u00e1 fazendo a parte dela e comparecendo em peso. Tenho certeza que vamos conseguir levar essa energia para dentro das quatro linhas e apoiar os nossos atletas&#8221;, disse o secret\u00e1rio de Esporte, Fabiano Novais.<\/p>\n<p>&#8220;Itaqu\u00e1 est\u00e1 bem representada com uma equipe que luta at\u00e9 o fim. O Aster infelizmente sofreu sua primeira derrota em casa, mas com o apoio da torcida e a qualidade dos jogadores, vamos fazer disso uma supera\u00e7\u00e3o para sairmos classificados. Vamos, Aster&#8221;, completou o prefeito Eduardo Boigues.<\/p>\n<p>Fotos: Dayane Oliveira<\/p>\n","protected":false},"excerpt":{"rendered":"<p>Equipe conta com o apoio da torcida para buscar vit\u00f3ria e classifica\u00e7\u00e3o O Aster Itaqu\u00e1 entra em campo nesta sexta-feira (10), \u00e0s 15h15, para enfrentar o Vila Nova (GO) em uma partida decisiva pela Copa S\u00e3o Paulo de Futebol J\u00fanior, no Campo do Brasil, em Itaquaquecetuba. O time de Itaqu\u00e1 sofreu sua primeira derrota na [&hellip;]<\/p>\n","protected":false},"author":1,"featured_media":22847,"comment_status":"open","ping_status":"open","sticky":false,"template":"","format":"standard","meta":{"footnotes":""},"categories":[6],"tags":[],"class_list":{"0":"post-22846","1":"post","2":"type-post","3":"status-publish","4":"format-standard","5":"has-post-thumbnail","7":"category-itaqua"},"_links":{"self":[{"href":"https:\/\/jm-metropole.com.br\/site\/wp-json\/wp\/v2\/posts\/22846","targetHints":{"allow":["GET"]}}],"collection":[{"href":"https:\/\/jm-metropole.com.br\/site\/wp-json\/wp\/v2\/posts"}],"about":[{"href":"https:\/\/jm-metropole.com.br\/site\/wp-json\/wp\/v2\/types\/post"}],"author":[{"embeddable":true,"href":"https:\/\/jm-metropole.com.br\/site\/wp-json\/wp\/v2\/users\/1"}],"replies":[{"embeddable":true,"href":"https:\/\/jm-metropole.com.br\/site\/wp-json\/wp\/v2\/comments?post=22846"}],"version-history":[{"count":1,"href":"https:\/\/jm-metropole.com.br\/site\/wp-json\/wp\/v2\/posts\/22846\/revisions"}],"predecessor-version":[{"id":22848,"href":"https:\/\/jm-metropole.com.br\/site\/wp-json\/wp\/v2\/posts\/22846\/revisions\/22848"}],"wp:featuredmedia":[{"embeddable":true,"href":"https:\/\/jm-metropole.com.br\/site\/wp-json\/wp\/v2\/media\/22847"}],"wp:attachment":[{"href":"https:\/\/jm-metropole.com.br\/site\/wp-json\/wp\/v2\/media?parent=22846"}],"wp:term":[{"taxonomy":"category","embeddable":true,"href":"https:\/\/jm-metropole.com.br\/site\/wp-json\/wp\/v2\/categories?post=22846"},{"taxonomy":"post_tag","embeddable":true,"href":"https:\/\/jm-metropole.com.br\/site\/wp-json\/wp\/v2\/tags?post=22846"}],"curies":[{"name":"wp","href":"https:\/\/api.w.org\/{rel}","templated":true}]}}