{"id":22823,"date":"2025-01-09T07:40:44","date_gmt":"2025-01-09T10:40:44","guid":{"rendered":"https:\/\/jm-metropole.com.br\/site\/?p=22823"},"modified":"2025-01-09T07:40:44","modified_gmt":"2025-01-09T10:40:44","slug":"mogi-das-cruzes-recebe-judocas-medalhistas-olimpicos-bia-souza-e-william-lima-neste-final-de-semana","status":"publish","type":"post","link":"https:\/\/jm-metropole.com.br\/site\/mogi-das-cruzes-recebe-judocas-medalhistas-olimpicos-bia-souza-e-william-lima-neste-final-de-semana\/","title":{"rendered":"Mogi das Cruzes recebe judocas medalhistas ol\u00edmpicos Bia Souza e William Lima neste final de semana"},"content":{"rendered":"<p>Mogi das Cruzes receber\u00e1 neste s\u00e1bado (11\/01), a partir das 10 horas, a judoca\u00a0 Bia Souza, campe\u00e3 ol\u00edmpica em Paris 2024. O evento ser\u00e1 realizado no Gin\u00e1sio Poliesportivo Jos\u00e9 Carlos Miller da Silveira \u2013 Tuta e \u00e9 promovido pelo Sesc Mogi das Cruzes, dentro do projeto Sesc Ver\u00e3o, que chega \u00e0 sia 30\u00aa edi\u00e7\u00e3o em 2025. A a\u00e7\u00e3o tem parceria com a Prefeitura de Mogi das Cruzes.<\/p>\n<p>J\u00e1 no domingo (12\/01), ser\u00e1 a vez do judoca mogiano William Lima, medalha de prata na Olimp\u00edada de Paris, participar da a\u00e7\u00e3o no Gin\u00e1sio Tuta. A atividade tamb\u00e9m acontece a partir das 10 horas. Os eventos de s\u00e1bado e domingo t\u00eam entrada gratuita para o p\u00fablico.<\/p>\n<p>\u201cEste ser\u00e1 um final de semana muito especial para o esporte de Mogi das Cruzes porque teremos dois atletas de excel\u00eancia, que d\u00e3o tanto orgulho ao Brasil, e que dividir\u00e3o um pouco de sua experi\u00eancia com os mogianos. Queremos que a pr\u00e1tica esportiva cada vez mais fa\u00e7a parte da vida nossa cidade e da nossa popula\u00e7\u00e3o. Agradecemos ao Sesc por proporcionar este evento e tenho certeza que \u00e9 o come\u00e7o de muitas parcerias que vir\u00e3o para beneficiar os mogianos\u201d, afirmou a prefeita Mara Bertaiolli.<\/p>\n<p>No s\u00e1bado (11\/01), a partir das 10 horas, Bia Souza far\u00e1 um bate papo &#8220;A Luta Delas&#8221;, em que contar\u00e1 um pouco da sua hist\u00f3ria de vida e de sua trajet\u00f3ria no jud\u00f4. Na Olimp\u00edada de Paris, ela emocionou o Brasil ao conquistar a medalha de ouro na categoria pesado e tamb\u00e9m fez parte do time que conseguiu a medalha de bronze por equipes.<\/p>\n<p>Na sequ\u00eancia, ser\u00e1 realizado um treino coletivo com jovens judocas de academias de Mogi das Cruzes e da regi\u00e3o. O evento, voltado para crian\u00e7as e jovens de 7 a 15 anos, \u00e9 uma parceria com a Federa\u00e7\u00e3o Paulista de Jud\u00f4 e marca o in\u00edcio oficial das atividades da modalidade em 2025.<\/p>\n<p>J\u00e1 no domingo (12\/01), a partir das 10 horas, o mogiano William Lima participar\u00e1 de um bate papo tamb\u00e9m no Gin\u00e1sio Tuta. Medalha de prata na categoria 66 kg e medalha de bronze por equipes na Olimp\u00edada de Paris, ele come\u00e7ou a praticar jud\u00f4 em um projeto da Prefeitura de Mogi das Cruzes, no antigo Centro Esportivo do Socorro e competiu representando a cidade antes de se transferir para a Capital.<\/p>\n<p>A programa\u00e7\u00e3o tamb\u00e9m prev\u00ea a realiza\u00e7\u00e3o de um Festival de Jud\u00f4, com a participa\u00e7\u00e3o de cerca de 300 jovens judocas de 7 a 15 anos, em uma parceria com a Federa\u00e7\u00e3o Paulista de Jud\u00f4.<\/p>\n<p><strong>Reuni\u00e3o<\/strong><\/p>\n<p>Na tarde desta ter\u00e7a-feira (07\/01), o secret\u00e1rio municipal de Esporte e Lazer, Fred Abib, e o secret\u00e1rio adjunto da Pasta, Guilherme Filipin, se reuniram com gerente do Sesc Mogi das Cruzes, Denise Mariano, e com a equipe da unidade para discutir os detalhes para os eventos do final de semana.<\/p>\n<p>\u201cFoi uma conversa muito positiva, em que foram tratados todos os aspectos para que possamos ter um grande evento para os mogianos, com a expertise do Sesc e o apoio da Prefeitura na quest\u00e3o de estrutura\u201d, disse Fred.<\/p>\n<p>O secret\u00e1rio lembrou ainda que a administra\u00e7\u00e3o municipal pretende manter um contato pr\u00f3ximo com o Sesc Mogi das Cruzes, com a realiza\u00e7\u00e3o de a\u00e7\u00f5es conjuntas voltadas para os mogianos.<\/p>\n<p>O Gin\u00e1sio Poliesportivo Jos\u00e9 Carlos Miller da Silveira \u2013 Tuta fica na rua Professor Ismael Alves dos Santos, 560 \u2013 Mogilar.<\/p>\n","protected":false},"excerpt":{"rendered":"<p>Mogi das Cruzes receber\u00e1 neste s\u00e1bado (11\/01), a partir das 10 horas, a judoca\u00a0 Bia Souza, campe\u00e3 ol\u00edmpica em Paris 2024. O evento ser\u00e1 realizado no Gin\u00e1sio Poliesportivo Jos\u00e9 Carlos Miller da Silveira \u2013 Tuta e \u00e9 promovido pelo Sesc Mogi das Cruzes, dentro do projeto Sesc Ver\u00e3o, que chega \u00e0 sia 30\u00aa edi\u00e7\u00e3o em [&hellip;]<\/p>\n","protected":false},"author":1,"featured_media":22824,"comment_status":"open","ping_status":"open","sticky":false,"template":"","format":"standard","meta":{"footnotes":""},"categories":[10],"tags":[],"class_list":{"0":"post-22823","1":"post","2":"type-post","3":"status-publish","4":"format-standard","5":"has-post-thumbnail","7":"category-mogi-das-cruzes"},"_links":{"self":[{"href":"https:\/\/jm-metropole.com.br\/site\/wp-json\/wp\/v2\/posts\/22823","targetHints":{"allow":["GET"]}}],"collection":[{"href":"https:\/\/jm-metropole.com.br\/site\/wp-json\/wp\/v2\/posts"}],"about":[{"href":"https:\/\/jm-metropole.com.br\/site\/wp-json\/wp\/v2\/types\/post"}],"author":[{"embeddable":true,"href":"https:\/\/jm-metropole.com.br\/site\/wp-json\/wp\/v2\/users\/1"}],"replies":[{"embeddable":true,"href":"https:\/\/jm-metropole.com.br\/site\/wp-json\/wp\/v2\/comments?post=22823"}],"version-history":[{"count":1,"href":"https:\/\/jm-metropole.com.br\/site\/wp-json\/wp\/v2\/posts\/22823\/revisions"}],"predecessor-version":[{"id":22825,"href":"https:\/\/jm-metropole.com.br\/site\/wp-json\/wp\/v2\/posts\/22823\/revisions\/22825"}],"wp:featuredmedia":[{"embeddable":true,"href":"https:\/\/jm-metropole.com.br\/site\/wp-json\/wp\/v2\/media\/22824"}],"wp:attachment":[{"href":"https:\/\/jm-metropole.com.br\/site\/wp-json\/wp\/v2\/media?parent=22823"}],"wp:term":[{"taxonomy":"category","embeddable":true,"href":"https:\/\/jm-metropole.com.br\/site\/wp-json\/wp\/v2\/categories?post=22823"},{"taxonomy":"post_tag","embeddable":true,"href":"https:\/\/jm-metropole.com.br\/site\/wp-json\/wp\/v2\/tags?post=22823"}],"curies":[{"name":"wp","href":"https:\/\/api.w.org\/{rel}","templated":true}]}}