{"id":22820,"date":"2025-01-09T07:39:41","date_gmt":"2025-01-09T10:39:41","guid":{"rendered":"https:\/\/jm-metropole.com.br\/site\/?p=22820"},"modified":"2025-01-09T07:39:41","modified_gmt":"2025-01-09T10:39:41","slug":"semae-fara-manutencao-emergencial-no-poco-que-abastece-biritiba-ussu-nesta-quinta-09","status":"publish","type":"post","link":"https:\/\/jm-metropole.com.br\/site\/semae-fara-manutencao-emergencial-no-poco-que-abastece-biritiba-ussu-nesta-quinta-09\/","title":{"rendered":"Semae far\u00e1 manuten\u00e7\u00e3o emergencial no po\u00e7o que abastece Biritiba Ussu, nesta quinta (09)"},"content":{"rendered":"<div class=\"col-sm-8 col-md-9 col-lg-9\">\n<div id=\"conteudo\" class=\"conteudo\">\n<p>O Servi\u00e7o Municipal de \u00c1guas e Esgotos (Semae) informa que identificou um problema na tubula\u00e7\u00e3o do po\u00e7o que abastece Biritiba Ussu. Por isso, nesta quinta-feira (09\/01), das 8h \u00e0s 20h, ser\u00e1 necess\u00e1ria uma pausa na distribui\u00e7\u00e3o de \u00e1gua para manuten\u00e7\u00e3o emergencial. Conclu\u00eddo o reparo, a normaliza\u00e7\u00e3o do abastecimento ser\u00e1 de forma gradativa, devendo se estabilizar na manh\u00e3 de sexta (10). Durante a paralisa\u00e7\u00e3o, o reservat\u00f3rio do bairro ser\u00e1 abastecido com caminh\u00e3o-pipa. A manuten\u00e7\u00e3o \u00e9 necess\u00e1ria para garantir o bom funcionamento do po\u00e7o.<\/p>\n<p><a href=\"https:\/\/www.semae.sp.gov.br\/semae-orienta-moradores-a-instalar-caixa-dagua-em-casa\/\" target=\"_blank\" rel=\"noopener\">Quem tem caixa d&#8217;\u00e1gua possivelmente n\u00e3o ter\u00e1 a rotina afetada. Ter um reservat\u00f3rio no im\u00f3vel \u00e9 fundamental para evitar transtornos durante os trabalhos de manuten\u00e7\u00e3o da rede ou outras interven\u00e7\u00f5es que exigem a interrup\u00e7\u00e3o do fornecimento de \u00e1gua, principalmente nos locais mais altos ou que trabalham por redes bombeadas, onde \u00e9 necess\u00e1rio mais tempo para que o abastecimento seja normalizado.<\/a><\/p>\n<p>Ainda assim, a\u00a0<a href=\"https:\/\/www.semae.sp.gov.br\/dicas-de-economia-de-agua\/\" target=\"_blank\" rel=\"noopener\">autarquia recomenda utilizar com economia o volume armazenado<\/a>.<\/p>\n<p>&nbsp;<\/p>\n<div class=\"text-center\"><\/div>\n<\/div>\n<\/div>\n","protected":false},"excerpt":{"rendered":"<p>O Servi\u00e7o Municipal de \u00c1guas e Esgotos (Semae) informa que identificou um problema na tubula\u00e7\u00e3o do po\u00e7o que abastece Biritiba Ussu. Por isso, nesta quinta-feira (09\/01), das 8h \u00e0s 20h, ser\u00e1 necess\u00e1ria uma pausa na distribui\u00e7\u00e3o de \u00e1gua para manuten\u00e7\u00e3o emergencial. Conclu\u00eddo o reparo, a normaliza\u00e7\u00e3o do abastecimento ser\u00e1 de forma gradativa, devendo se estabilizar [&hellip;]<\/p>\n","protected":false},"author":1,"featured_media":22821,"comment_status":"open","ping_status":"open","sticky":false,"template":"","format":"standard","meta":{"footnotes":""},"categories":[10],"tags":[],"class_list":{"0":"post-22820","1":"post","2":"type-post","3":"status-publish","4":"format-standard","5":"has-post-thumbnail","7":"category-mogi-das-cruzes"},"_links":{"self":[{"href":"https:\/\/jm-metropole.com.br\/site\/wp-json\/wp\/v2\/posts\/22820","targetHints":{"allow":["GET"]}}],"collection":[{"href":"https:\/\/jm-metropole.com.br\/site\/wp-json\/wp\/v2\/posts"}],"about":[{"href":"https:\/\/jm-metropole.com.br\/site\/wp-json\/wp\/v2\/types\/post"}],"author":[{"embeddable":true,"href":"https:\/\/jm-metropole.com.br\/site\/wp-json\/wp\/v2\/users\/1"}],"replies":[{"embeddable":true,"href":"https:\/\/jm-metropole.com.br\/site\/wp-json\/wp\/v2\/comments?post=22820"}],"version-history":[{"count":1,"href":"https:\/\/jm-metropole.com.br\/site\/wp-json\/wp\/v2\/posts\/22820\/revisions"}],"predecessor-version":[{"id":22822,"href":"https:\/\/jm-metropole.com.br\/site\/wp-json\/wp\/v2\/posts\/22820\/revisions\/22822"}],"wp:featuredmedia":[{"embeddable":true,"href":"https:\/\/jm-metropole.com.br\/site\/wp-json\/wp\/v2\/media\/22821"}],"wp:attachment":[{"href":"https:\/\/jm-metropole.com.br\/site\/wp-json\/wp\/v2\/media?parent=22820"}],"wp:term":[{"taxonomy":"category","embeddable":true,"href":"https:\/\/jm-metropole.com.br\/site\/wp-json\/wp\/v2\/categories?post=22820"},{"taxonomy":"post_tag","embeddable":true,"href":"https:\/\/jm-metropole.com.br\/site\/wp-json\/wp\/v2\/tags?post=22820"}],"curies":[{"name":"wp","href":"https:\/\/api.w.org\/{rel}","templated":true}]}}