{"id":22810,"date":"2025-01-08T14:57:14","date_gmt":"2025-01-08T17:57:14","guid":{"rendered":"https:\/\/jm-metropole.com.br\/site\/?p=22810"},"modified":"2025-01-08T14:57:14","modified_gmt":"2025-01-08T17:57:14","slug":"flamengo-vence-a-segunda-seguida-pela-copinha-e-garante-a-classificacao","status":"publish","type":"post","link":"https:\/\/jm-metropole.com.br\/site\/flamengo-vence-a-segunda-seguida-pela-copinha-e-garante-a-classificacao\/","title":{"rendered":"Flamengo vence a segunda seguida pela Copinha e garante a classifica\u00e7\u00e3o"},"content":{"rendered":"<p>Nesta ter\u00e7a-feira (7) a sede de Guarulhos da 55\u00aa edi\u00e7\u00e3o da Copa S\u00e3o Paulo de Futebol J\u00fanior recebeu a segunda rodada da fase de grupos. O principal confronto do dia contou com os donos da casa, a Associa\u00e7\u00e3o Atl\u00e9tica Flamengo, contra o Am\u00e9rica (SE). O rubro-negro guarulhense garantiu a vit\u00f3ria por 2 a 0 e ficou com a lideran\u00e7a do grupo, somando seis pontos. Garantiu tamb\u00e9m a classifica\u00e7\u00e3o \u00e0 pr\u00f3xima fase do torneio. Os gols foram marcados por Thiaguinho e Diogo Godke.<br \/>\nAp\u00f3s a partida Thiaguinho falou sobre o gol. &#8220;A sensa\u00e7\u00e3o \u00e9 inexplic\u00e1vel. \u00c9 um momento \u00fanico e fico feliz por ajudar a minha equipe&#8221;. Ele comentou ainda sobre o pr\u00f3ximo jogo. &#8220;Independentemente da classifica\u00e7\u00e3o, a fase de grupos ainda n\u00e3o acabou e vamos para o pr\u00f3ximo jogo com a mesma intensidade&#8221;.<br \/>\nNo primeiro jogo do dia o Barra (SC) venceu o Internacional (RS) por 1 a 0 com gol do centroavante Lucas Vargas. A equipe somou seus primeiros pontos e entrou na briga pela classifica\u00e7\u00e3o. J\u00e1 o Inter est\u00e1 eliminado.<br \/>\nAp\u00f3s o jogo Vargas falou sobre a conquista. &#8220;Sensa\u00e7\u00e3o de dever cumprido. Centroavante vive de gol e estou aqui pra isso, marcar e poder somar os tr\u00eas pontos&#8221;. Ele completou tamb\u00e9m sobre a sua expuls\u00e3o no segundo tempo. &#8220;Eu me equivoquei ali no lance, acho que o juiz foi um pouco duro tamb\u00e9m, mas eu confio plenamente no meu grupo e eles correram muito para manter o resultado e quase ampliamos. Isso \u00e9 o Barra. Essa garra \u00e9 o que representa o nosso time&#8221;.<br \/>\nO t\u00e9cnico do Barra, Eduardo Zuma, destacou a import\u00e2ncia de acreditar. &#8220;Isso \u00e9 m\u00e9rito do esfor\u00e7o de cada um e da cren\u00e7a inabal\u00e1vel deles mesmos num momento dif\u00edcil. Depois da estreia souberam encontrar for\u00e7as e isso m\u00e9rito dos jogadores, que acreditaram no que a gente tinha proposto pra eles. S\u00e3o meninos que vencem batalhas todos os dias. Sa\u00edmos de longe, n\u00e3o fizemos um bom primeiro jogo, mas nos equilibramos e vivemos o melhor momento aqui da competi\u00e7\u00e3o. Agora \u00e9 se preparar para o pr\u00f3ximo jogo&#8221;.<br \/>\nAs equipes voltam a campo na sexta-feira (10). Am\u00e9rica e Barra jogam \u00e0s 8h45 e Flamengo e Internacional se enfrentam \u00e0s 11h. Todas as partidas da fase de grupos acontecem no Est\u00e1dio Ant\u00f4nio Soares de Oliveira, no Jardim Tranquilidade.<\/p>\n","protected":false},"excerpt":{"rendered":"<p>Nesta ter\u00e7a-feira (7) a sede de Guarulhos da 55\u00aa edi\u00e7\u00e3o da Copa S\u00e3o Paulo de Futebol J\u00fanior recebeu a segunda rodada da fase de grupos. O principal confronto do dia contou com os donos da casa, a Associa\u00e7\u00e3o Atl\u00e9tica Flamengo, contra o Am\u00e9rica (SE). O rubro-negro guarulhense garantiu a vit\u00f3ria por 2 a 0 e [&hellip;]<\/p>\n","protected":false},"author":1,"featured_media":22811,"comment_status":"open","ping_status":"open","sticky":false,"template":"","format":"standard","meta":{"footnotes":""},"categories":[3],"tags":[],"class_list":{"0":"post-22810","1":"post","2":"type-post","3":"status-publish","4":"format-standard","5":"has-post-thumbnail","7":"category-guarulhos"},"_links":{"self":[{"href":"https:\/\/jm-metropole.com.br\/site\/wp-json\/wp\/v2\/posts\/22810","targetHints":{"allow":["GET"]}}],"collection":[{"href":"https:\/\/jm-metropole.com.br\/site\/wp-json\/wp\/v2\/posts"}],"about":[{"href":"https:\/\/jm-metropole.com.br\/site\/wp-json\/wp\/v2\/types\/post"}],"author":[{"embeddable":true,"href":"https:\/\/jm-metropole.com.br\/site\/wp-json\/wp\/v2\/users\/1"}],"replies":[{"embeddable":true,"href":"https:\/\/jm-metropole.com.br\/site\/wp-json\/wp\/v2\/comments?post=22810"}],"version-history":[{"count":1,"href":"https:\/\/jm-metropole.com.br\/site\/wp-json\/wp\/v2\/posts\/22810\/revisions"}],"predecessor-version":[{"id":22812,"href":"https:\/\/jm-metropole.com.br\/site\/wp-json\/wp\/v2\/posts\/22810\/revisions\/22812"}],"wp:featuredmedia":[{"embeddable":true,"href":"https:\/\/jm-metropole.com.br\/site\/wp-json\/wp\/v2\/media\/22811"}],"wp:attachment":[{"href":"https:\/\/jm-metropole.com.br\/site\/wp-json\/wp\/v2\/media?parent=22810"}],"wp:term":[{"taxonomy":"category","embeddable":true,"href":"https:\/\/jm-metropole.com.br\/site\/wp-json\/wp\/v2\/categories?post=22810"},{"taxonomy":"post_tag","embeddable":true,"href":"https:\/\/jm-metropole.com.br\/site\/wp-json\/wp\/v2\/tags?post=22810"}],"curies":[{"name":"wp","href":"https:\/\/api.w.org\/{rel}","templated":true}]}}