{"id":22760,"date":"2025-01-06T16:23:27","date_gmt":"2025-01-06T19:23:27","guid":{"rendered":"https:\/\/jm-metropole.com.br\/site\/?p=22760"},"modified":"2025-01-06T16:23:27","modified_gmt":"2025-01-06T19:23:27","slug":"prefeitura-de-guarulhos-articula-acoes-preventivas-contra-as-chuvas-de-verao","status":"publish","type":"post","link":"https:\/\/jm-metropole.com.br\/site\/prefeitura-de-guarulhos-articula-acoes-preventivas-contra-as-chuvas-de-verao\/","title":{"rendered":"Prefeitura de Guarulhos articula a\u00e7\u00f5es preventivas contra as chuvas de ver\u00e3o"},"content":{"rendered":"<p>O prefeito de Guarulhos, Lucas Sanches, se reuniu com o novo secretariado neste domingo (5) na sede do Centro de Opera\u00e7\u00f5es e Intelig\u00eancia (COI) para articular a\u00e7\u00f5es preventivas de combate \u00e0s enchentes com o objetivo de proteger a popula\u00e7\u00e3o das chuvas torrenciais que costumam atingir a cidade durante o ver\u00e3o.<\/p>\n<p>Durante o ano todo a Defesa Civil prepara a cidade para o Plano Ver\u00e3o, um conjunto de a\u00e7\u00f5es que visa a evitar a perda de vidas e preju\u00edzos materiais durante a esta\u00e7\u00e3o. Para isso, as equipes mant\u00eam aten\u00e7\u00e3o especial \u00e0s \u00e1reas de risco de Guarulhos por meio de vistorias, monitoramento pelas c\u00e2meras do COI, pelo telefone de emerg\u00eancias 199 e por a\u00e7\u00f5es de orienta\u00e7\u00e3o junto \u00e0 popula\u00e7\u00e3o.<\/p>\n<p>Participaram da reuni\u00e3o no COI o vice-prefeito Thiago Surfista e integrantes das pastas da Seguran\u00e7a P\u00fablica, Assist\u00eancia Social e Administra\u00e7\u00f5es Regionais, al\u00e9m de representantes da Defesa Civil, que monitora diariamente as condi\u00e7\u00f5es clim\u00e1ticas em Guarulhos.<\/p>\n<p>Nas \u00faltimas 72 horas a cidade registrou precipita\u00e7\u00e3o acumulada de 25,6 mm em Cumbica e 16,8 mm no Jardim Nova Cidade, ambas abaixo do n\u00edvel de alerta (50 mm), o mais baixo da escala, que inclui mais dois est\u00e1gios: perigo (60 mm) e emerg\u00eancia (80 mm).<\/p>\n<p>Na pr\u00f3xima semana est\u00e3o previstas chuvas em todos os dias, com destaque para segunda (6) e quinta-feira (9), com 50% de chance de precipita\u00e7\u00e3o de n\u00edvel baixo, inferior ao de alerta.<\/p>\n","protected":false},"excerpt":{"rendered":"<p>O prefeito de Guarulhos, Lucas Sanches, se reuniu com o novo secretariado neste domingo (5) na sede do Centro de Opera\u00e7\u00f5es e Intelig\u00eancia (COI) para articular a\u00e7\u00f5es preventivas de combate \u00e0s enchentes com o objetivo de proteger a popula\u00e7\u00e3o das chuvas torrenciais que costumam atingir a cidade durante o ver\u00e3o. Durante o ano todo a [&hellip;]<\/p>\n","protected":false},"author":1,"featured_media":22761,"comment_status":"open","ping_status":"open","sticky":false,"template":"","format":"standard","meta":{"footnotes":""},"categories":[3],"tags":[],"class_list":{"0":"post-22760","1":"post","2":"type-post","3":"status-publish","4":"format-standard","5":"has-post-thumbnail","7":"category-guarulhos"},"_links":{"self":[{"href":"https:\/\/jm-metropole.com.br\/site\/wp-json\/wp\/v2\/posts\/22760","targetHints":{"allow":["GET"]}}],"collection":[{"href":"https:\/\/jm-metropole.com.br\/site\/wp-json\/wp\/v2\/posts"}],"about":[{"href":"https:\/\/jm-metropole.com.br\/site\/wp-json\/wp\/v2\/types\/post"}],"author":[{"embeddable":true,"href":"https:\/\/jm-metropole.com.br\/site\/wp-json\/wp\/v2\/users\/1"}],"replies":[{"embeddable":true,"href":"https:\/\/jm-metropole.com.br\/site\/wp-json\/wp\/v2\/comments?post=22760"}],"version-history":[{"count":1,"href":"https:\/\/jm-metropole.com.br\/site\/wp-json\/wp\/v2\/posts\/22760\/revisions"}],"predecessor-version":[{"id":22762,"href":"https:\/\/jm-metropole.com.br\/site\/wp-json\/wp\/v2\/posts\/22760\/revisions\/22762"}],"wp:featuredmedia":[{"embeddable":true,"href":"https:\/\/jm-metropole.com.br\/site\/wp-json\/wp\/v2\/media\/22761"}],"wp:attachment":[{"href":"https:\/\/jm-metropole.com.br\/site\/wp-json\/wp\/v2\/media?parent=22760"}],"wp:term":[{"taxonomy":"category","embeddable":true,"href":"https:\/\/jm-metropole.com.br\/site\/wp-json\/wp\/v2\/categories?post=22760"},{"taxonomy":"post_tag","embeddable":true,"href":"https:\/\/jm-metropole.com.br\/site\/wp-json\/wp\/v2\/tags?post=22760"}],"curies":[{"name":"wp","href":"https:\/\/api.w.org\/{rel}","templated":true}]}}