{"id":22748,"date":"2025-01-06T11:49:54","date_gmt":"2025-01-06T14:49:54","guid":{"rendered":"https:\/\/jm-metropole.com.br\/site\/?p=22748"},"modified":"2025-01-06T11:49:54","modified_gmt":"2025-01-06T14:49:54","slug":"aumento-de-passagens-comeca-a-vigorar-hoje-em-sao-paulo","status":"publish","type":"post","link":"https:\/\/jm-metropole.com.br\/site\/aumento-de-passagens-comeca-a-vigorar-hoje-em-sao-paulo\/","title":{"rendered":"Aumento de passagens come\u00e7a a vigorar hoje em S\u00e3o Paulo"},"content":{"rendered":"<div class=\"header-noticia full-width\">\n<div class=\"linha-fina-noticia\">Tarifas de trem e metr\u00f4 passam para R$ 5,20; as de \u00f4nibus, para R$ 5<\/div>\n<\/div>\n<div class=\"container-autoria\"><\/div>\n<div>\n<p>As passagens de trem, metr\u00f4 e \u00f4nibus est\u00e3o mais caras na capital paulista a partir desta segunda-feira (6). O valor para utilizar os \u00f4nibus subiu para R$ 5. As passagens de trem e metr\u00f4 do estado de S\u00e3o Paulo passam a custar R$ 5,20.<img decoding=\"async\" src=\"https:\/\/agenciabrasil.ebc.com.br\/ebc.png?id=1625880&amp;o=node\" \/><img decoding=\"async\" src=\"https:\/\/agenciabrasil.ebc.com.br\/ebc.gif?id=1625880&amp;o=node\" \/><\/p>\n<p>O Movimento Passe Livre (MPL) convocou uma manifesta\u00e7\u00e3o contra o aumento da passagem em S\u00e3o Paulo. O ato est\u00e1 marcado para a pr\u00f3xima quinta-feira (9), \u00e0s 18h, com concentra\u00e7\u00e3o em frente \u00e0 prefeitura da capital.<\/p>\n<p>Na capital paulista, a Justi\u00e7a derrubou a liminar que cancelava o aumento da tarifa de \u00f4nibus, que havia sido pedida por parlamentares do PSOL. Eles alegavam que a decis\u00e3o de reajustar as passagens foi tomada sem qualquer participa\u00e7\u00e3o popular.<\/p>\n<p>*Com informa\u00e7\u00f5es de Ag\u00eancia Brasil<\/p>\n<\/div>\n","protected":false},"excerpt":{"rendered":"<p>Tarifas de trem e metr\u00f4 passam para R$ 5,20; as de \u00f4nibus, para R$ 5 As passagens de trem, metr\u00f4 e \u00f4nibus est\u00e3o mais caras na capital paulista a partir desta segunda-feira (6). O valor para utilizar os \u00f4nibus subiu para R$ 5. As passagens de trem e metr\u00f4 do estado de S\u00e3o Paulo passam [&hellip;]<\/p>\n","protected":false},"author":1,"featured_media":22749,"comment_status":"open","ping_status":"open","sticky":false,"template":"","format":"standard","meta":{"footnotes":""},"categories":[48],"tags":[],"class_list":{"0":"post-22748","1":"post","2":"type-post","3":"status-publish","4":"format-standard","5":"has-post-thumbnail","7":"category-geral"},"_links":{"self":[{"href":"https:\/\/jm-metropole.com.br\/site\/wp-json\/wp\/v2\/posts\/22748","targetHints":{"allow":["GET"]}}],"collection":[{"href":"https:\/\/jm-metropole.com.br\/site\/wp-json\/wp\/v2\/posts"}],"about":[{"href":"https:\/\/jm-metropole.com.br\/site\/wp-json\/wp\/v2\/types\/post"}],"author":[{"embeddable":true,"href":"https:\/\/jm-metropole.com.br\/site\/wp-json\/wp\/v2\/users\/1"}],"replies":[{"embeddable":true,"href":"https:\/\/jm-metropole.com.br\/site\/wp-json\/wp\/v2\/comments?post=22748"}],"version-history":[{"count":1,"href":"https:\/\/jm-metropole.com.br\/site\/wp-json\/wp\/v2\/posts\/22748\/revisions"}],"predecessor-version":[{"id":22750,"href":"https:\/\/jm-metropole.com.br\/site\/wp-json\/wp\/v2\/posts\/22748\/revisions\/22750"}],"wp:featuredmedia":[{"embeddable":true,"href":"https:\/\/jm-metropole.com.br\/site\/wp-json\/wp\/v2\/media\/22749"}],"wp:attachment":[{"href":"https:\/\/jm-metropole.com.br\/site\/wp-json\/wp\/v2\/media?parent=22748"}],"wp:term":[{"taxonomy":"category","embeddable":true,"href":"https:\/\/jm-metropole.com.br\/site\/wp-json\/wp\/v2\/categories?post=22748"},{"taxonomy":"post_tag","embeddable":true,"href":"https:\/\/jm-metropole.com.br\/site\/wp-json\/wp\/v2\/tags?post=22748"}],"curies":[{"name":"wp","href":"https:\/\/api.w.org\/{rel}","templated":true}]}}