{"id":22736,"date":"2025-01-03T16:31:06","date_gmt":"2025-01-03T19:31:06","guid":{"rendered":"https:\/\/jm-metropole.com.br\/site\/?p=22736"},"modified":"2025-01-03T16:31:06","modified_gmt":"2025-01-03T19:31:06","slug":"prefeito-de-suzano-participa-da-1a-reuniao-do-ano-do-condemat","status":"publish","type":"post","link":"https:\/\/jm-metropole.com.br\/site\/prefeito-de-suzano-participa-da-1a-reuniao-do-ano-do-condemat\/","title":{"rendered":"Prefeito de Suzano participa da 1\u00aa reuni\u00e3o do ano do Condemat"},"content":{"rendered":"<p>Encontro teve como objetivo definir a mesa diretiva do colegiado para 2025; esta foi a terceira atividade do novo chefe do Executivo no primeiro dia \u00fatil da gest\u00e3o<\/p>\n<p>O prefeito Pedro Ishi participou nesta quinta-feira (02\/01) da primeira reuni\u00e3o do Cons\u00f3rcio de Desenvolvimento dos Munic\u00edpios do Alto Tiet\u00ea (Condemat+) em 2025. O encontro, realizado no Edif\u00edcio Helbor, em Mogi das Cruzes, onde fica a sede do grupo, teve como principal pauta a realiza\u00e7\u00e3o da elei\u00e7\u00e3o que definiu a composi\u00e7\u00e3o da mesa diretiva do colegiado para este ano e a assinatura do Termo de Posse por parte dos chefes do Poder Executivo das 14 cidades integrantes.<\/p>\n<p>Ishi ser\u00e1 membro do Conselho Fiscal. Os gestores definiram, em conjunto, que Eduardo Boigues, prefeito reeleito de Itaquaquecetuba, ser\u00e1 o presidente em 2025 e que sua vice ser\u00e1 Priscila Gambale, prefeita reeleita de Ferraz de Vasconcelos. Jos\u00e9 Luiz Eroles Freire, o Z\u00e9 Luiz, de Guararema, foi escolhido como 1\u00ba tesoureiro, enquanto a responsabilidade pela 2\u00aa tesouraria ficar\u00e1 com Walid Ali Hamid, o Aladim, prefeito de Mairipor\u00e3. O gestor definido para ser secret\u00e1rio do grupo \u00e9 o prefeito de Guarulhos, Lucas Sanches.<\/p>\n<p>\u201cA mesa diretiva foi escolhida com base na experi\u00eancia dos gestores dentro do cons\u00f3rcio para conduzir da melhor forma as reuni\u00f5es e as decis\u00f5es tomadas em conjunto pelos prefeitos da regi\u00e3o. Eu me sinto extremamente feliz em fazer parte do Condemat, pois ele \u00e9 fundamental para o relacionamento das cidades com o governo do Estado, possibilitando que a gente receba investimentos e que a regi\u00e3o se desenvolva de maneira uniforme\u201d, declarou Pedro Ishi.<\/p>\n<p>Al\u00e9m do novo prefeito de Suzano, ser\u00e3o membros do Conselho Fiscal do Condemat+ os prefeitos Rodolfo Marcondes (Sales\u00f3polis), Carlos Chinchilla (Santa Isabel) e Gabriel Prianti (Igarat\u00e1). Por sua vez, a presid\u00eancia ficar\u00e1 com o prefeito reeleito de Aruj\u00e1, Luis Camargo.<\/p>\n<p>A reuni\u00e3o, conduzida pelo secret\u00e1rio-executivo do Condemat+, Adriano Leite, contou com as presen\u00e7as do secret\u00e1rio estadual de Governo e Rela\u00e7\u00f5es Institucionais, Gilberto Kassab; do subsecret\u00e1rio estadual de Desenvolvimento Urbano, Jos\u00e9 Police Neto; ex-deputado federal, Marco Bertaiolli e conselheiro do Tribunal de Contas do Estado de S\u00e3o Paulo (TCE-SP); do ex-prefeito de Sales\u00f3polis Vanderlon Gomes; al\u00e9m dos atuais chefes do Poder Executivo das 14 cidades que integram o cons\u00f3rcio.<\/p>\n<p>Nos \u00faltimos anos, o Condemat+ foi respons\u00e1vel por uma s\u00e9rie de conquistas, como a abertura do Hospital Regional do Alto Tiet\u00ea (HRAT), a confirma\u00e7\u00e3o da vinda de um Batalh\u00e3o de A\u00e7\u00f5es Especiais da Pol\u00edcia Militar (Baep), a extens\u00e3o da Linha 11-Coral da Companhia Paulista de Trens Metropolitanos (CPTM) at\u00e9 C\u00e9zar de Souza, em Mogi das Cruzes; dentre outras.<br \/>\nO grupo tamb\u00e9m manteve contato frequente com o governo do Estado para agilizar a implanta\u00e7\u00e3o da al\u00e7a de sa\u00edda do Rodoanel M\u00e1rio Covas (SP-21) em Suzano e, durante a pandemia do novo coronav\u00edrus, simplificou o trabalho da Secretaria de Estado da Sa\u00fade e do Minist\u00e9rio da Sa\u00fade, facilitando a compreens\u00e3o de informa\u00e7\u00f5es das cidades e recebendo investimentos que possibilitaram o combate eficiente \u00e0 Covid-19.<\/p>\n<p>Al\u00e9m de Suzano, comp\u00f5em ainda o Condemat+ as outras nove cidades da regi\u00e3o (Aruj\u00e1, Biritiba Mirim, Ferraz de Vasconcelos, Guararema, Itaquaquecetuba, Mogi das Cruzes, Po\u00e1, Sales\u00f3polis e Santa Isabel); Guarulhos e Mairipor\u00e3, na Grande S\u00e3o Paulo; e Igarat\u00e1 e Santa Branca, no Vale do Para\u00edba.<\/p>\n<p>Reuni\u00e3o<br \/>\nO encontro foi a terceira atividade do prefeito Pedro Ishi no primeiro dia \u00fatil de gest\u00e3o. No in\u00edcio da tarde, o novo chefe do Poder Executivo municipal vistoriou tr\u00eas obras que est\u00e3o em andamento e que devem ser entregues em breve: Terminal de \u00d4nibus de Palmeiras Jorge Ueno; Unidade B\u00e1sica de Sa\u00fade (UBS) do Parque do Col\u00e9gio e uma creche que est\u00e1 sendo constru\u00edda no Jardim Europa.<\/p>\n<p>Mais cedo, Ishi se reuniu no Pa\u00e7o Municipal Prefeito Firmino Jos\u00e9 da Costa, no centro, com todos os seus secret\u00e1rios para tratar sobre o planejamento para os primeiros cem dias de governo, que ser\u00e1 divulgado em breve. Tamb\u00e9m transmitiu aos chefes das pastas as metas referentes \u00e0 gest\u00e3o como um todo, at\u00e9 2028.<\/p>\n<p>Na ocasi\u00e3o, foi anunciado o in\u00edcio de uma campanha de arrecada\u00e7\u00e3o de mantimentos para o \u201cJaneiro Solid\u00e1rio\u201d nos pr\u00f3ximos dias, a fim de fortalecer o estoque do Fundo Social de Solidariedade. Tamb\u00e9m foi apresentada a previs\u00e3o de obras que ser\u00e3o inauguradas nos primeiros cem dias de governo: um campo de futebol no Residencial Nova Am\u00e9rica, uma nova pra\u00e7a no bairro Miguel Badra e a UBS do Parque do Col\u00e9gio, al\u00e9m da abertura ao p\u00fablico do Mercado Municipal j\u00e1 programada para o pr\u00f3ximo dia 15.<\/p>\n","protected":false},"excerpt":{"rendered":"<p>Encontro teve como objetivo definir a mesa diretiva do colegiado para 2025; esta foi a terceira atividade do novo chefe do Executivo no primeiro dia \u00fatil da gest\u00e3o O prefeito Pedro Ishi participou nesta quinta-feira (02\/01) da primeira reuni\u00e3o do Cons\u00f3rcio de Desenvolvimento dos Munic\u00edpios do Alto Tiet\u00ea (Condemat+) em 2025. O encontro, realizado no [&hellip;]<\/p>\n","protected":false},"author":1,"featured_media":22737,"comment_status":"open","ping_status":"open","sticky":false,"template":"","format":"standard","meta":{"footnotes":""},"categories":[9],"tags":[],"class_list":{"0":"post-22736","1":"post","2":"type-post","3":"status-publish","4":"format-standard","5":"has-post-thumbnail","7":"category-suzano"},"_links":{"self":[{"href":"https:\/\/jm-metropole.com.br\/site\/wp-json\/wp\/v2\/posts\/22736","targetHints":{"allow":["GET"]}}],"collection":[{"href":"https:\/\/jm-metropole.com.br\/site\/wp-json\/wp\/v2\/posts"}],"about":[{"href":"https:\/\/jm-metropole.com.br\/site\/wp-json\/wp\/v2\/types\/post"}],"author":[{"embeddable":true,"href":"https:\/\/jm-metropole.com.br\/site\/wp-json\/wp\/v2\/users\/1"}],"replies":[{"embeddable":true,"href":"https:\/\/jm-metropole.com.br\/site\/wp-json\/wp\/v2\/comments?post=22736"}],"version-history":[{"count":1,"href":"https:\/\/jm-metropole.com.br\/site\/wp-json\/wp\/v2\/posts\/22736\/revisions"}],"predecessor-version":[{"id":22738,"href":"https:\/\/jm-metropole.com.br\/site\/wp-json\/wp\/v2\/posts\/22736\/revisions\/22738"}],"wp:featuredmedia":[{"embeddable":true,"href":"https:\/\/jm-metropole.com.br\/site\/wp-json\/wp\/v2\/media\/22737"}],"wp:attachment":[{"href":"https:\/\/jm-metropole.com.br\/site\/wp-json\/wp\/v2\/media?parent=22736"}],"wp:term":[{"taxonomy":"category","embeddable":true,"href":"https:\/\/jm-metropole.com.br\/site\/wp-json\/wp\/v2\/categories?post=22736"},{"taxonomy":"post_tag","embeddable":true,"href":"https:\/\/jm-metropole.com.br\/site\/wp-json\/wp\/v2\/tags?post=22736"}],"curies":[{"name":"wp","href":"https:\/\/api.w.org\/{rel}","templated":true}]}}