{"id":22733,"date":"2025-01-03T16:29:15","date_gmt":"2025-01-03T19:29:15","guid":{"rendered":"https:\/\/jm-metropole.com.br\/site\/?p=22733"},"modified":"2025-01-03T16:29:15","modified_gmt":"2025-01-03T19:29:15","slug":"operacao-natal-seguro-contabiliza-357-abordagens-11-prisoes-e-30-motos-apreendidas","status":"publish","type":"post","link":"https:\/\/jm-metropole.com.br\/site\/operacao-natal-seguro-contabiliza-357-abordagens-11-prisoes-e-30-motos-apreendidas\/","title":{"rendered":"Opera\u00e7\u00e3o \u2018Natal Seguro\u2019 contabiliza 357 abordagens, 11 pris\u00f5es e 30 motos apreendidas"},"content":{"rendered":"<p>Mobiliza\u00e7\u00e3o conjunta entre a GCM de Suzano e a Pol\u00edcia Militar ainda averiguou 68 carros, localizando 18 ve\u00edculos que haviam sido roubados<\/p>\n<p>A Guarda Civil Municipal (GCM) de Suzano e a Pol\u00edcia Militar encerraram no dia 31 de dezembro a Opera\u00e7\u00e3o \u201cNatal Seguro\u201d, que garantiu o refor\u00e7o no patrulhamento das \u00e1reas comerciais da cidade durante o per\u00edodo das compras de fim de ano, contabilizando 357 abordagens a indiv\u00edduos suspeitos, nove pris\u00f5es por roubo ou furto e outras duas associados \u00e0 comercializa\u00e7\u00e3o de drogas, al\u00e9m da apreens\u00e3o de 30 motocicletas. A mobiliza\u00e7\u00e3o conjunta ainda averiguou 68 carros, recuperando ainda 18 ve\u00edculos que haviam sido roubados.<\/p>\n<p>As pris\u00f5es por tr\u00e1fico de drogas efetuadas por conta das a\u00e7\u00f5es desenvolvidas no centro da cidade, na regi\u00e3o do Boa Vista e no polo comercial de Palmeiras resultaram na retirada de 1,5 quilo de entorpecentes das ruas e na apreens\u00e3o de quatro armas de fogo, sendo uma de uso restrito das For\u00e7as Armadas, uma pistola .380, um rev\u00f3lver calibre 38 e duas armas falsas. Nesse per\u00edodo, os agentes ainda localizaram mais 1,3 quilo de entorpecentes durante o patrulhamento especial realizado nas vias p\u00fablicas.<\/p>\n<p>A Opera\u00e7\u00e3o \u201cNatal Seguro\u201d foi iniciada no dia 5 de dezembro, quando o ent\u00e3o secret\u00e1rio municipal de Seguran\u00e7a Cidad\u00e3, Afr\u00e2nio Evaristo da Silva, esteve na sede do 32\u00ba Batalh\u00e3o de Pol\u00edcia Militar, no Jardim Monte Cristo. Na ocasi\u00e3o, ele se encontrou com o major Henrique Calderaro, respons\u00e1vel pela coordena\u00e7\u00e3o operacional do trabalho. Deste ponto, sa\u00edram as viaturas para as tr\u00eas \u00e1reas de abrang\u00eancia da atividade.<\/p>\n<p>Por parte da GCM, foram mobilizados 34 agentes e 16 viaturas de todos os grupamentos: For\u00e7a Patrulha, Comando For\u00e7a Patrulha, Ronda Ostensiva Municipal (Romu), Ronda Ostensiva com Motocicletas (Romo), Canil, Patrulha Maria da Penha e Grupamento de Prote\u00e7\u00e3o Ambiental (GPA). J\u00e1 a PM esteve nas ruas com viaturas de rotina e equipes da For\u00e7a T\u00e1tica e da Ronda Ostensiva com Apoio de Motocicletas (Rocam) e com suporte da Di\u00e1ria Especial por Jornada Extraordin\u00e1ria de Trabalho Policial Militar (DEJEM).<\/p>\n<p>O prefeito Pedro Ishi afirmou que a mobiliza\u00e7\u00e3o garantiu mais tranquilidade a todos os mun\u00edcipes. \u201cCom as viaturas circulando com mais frequ\u00eancia nos pontos de maior movimento no entorno dos centros comerciais, foi dada a prote\u00e7\u00e3o necess\u00e1ria para quem precisou fazer suas compras, intimidando a atividade criminosa. Cumprimentamos a Pol\u00edcia Militar, em nome do Major Calderaro, por mais uma opera\u00e7\u00e3o, que resultou nos n\u00fameros contabilizados ao fim deste trabalho\u201d, declarou.<\/p>\n<p>Cr\u00e9dito da fotos: Mauricio Sordilli\/Secop Suzano<\/p>\n","protected":false},"excerpt":{"rendered":"<p>Mobiliza\u00e7\u00e3o conjunta entre a GCM de Suzano e a Pol\u00edcia Militar ainda averiguou 68 carros, localizando 18 ve\u00edculos que haviam sido roubados A Guarda Civil Municipal (GCM) de Suzano e a Pol\u00edcia Militar encerraram no dia 31 de dezembro a Opera\u00e7\u00e3o \u201cNatal Seguro\u201d, que garantiu o refor\u00e7o no patrulhamento das \u00e1reas comerciais da cidade durante [&hellip;]<\/p>\n","protected":false},"author":1,"featured_media":22734,"comment_status":"open","ping_status":"open","sticky":false,"template":"","format":"standard","meta":{"footnotes":""},"categories":[9],"tags":[],"class_list":{"0":"post-22733","1":"post","2":"type-post","3":"status-publish","4":"format-standard","5":"has-post-thumbnail","7":"category-suzano"},"_links":{"self":[{"href":"https:\/\/jm-metropole.com.br\/site\/wp-json\/wp\/v2\/posts\/22733","targetHints":{"allow":["GET"]}}],"collection":[{"href":"https:\/\/jm-metropole.com.br\/site\/wp-json\/wp\/v2\/posts"}],"about":[{"href":"https:\/\/jm-metropole.com.br\/site\/wp-json\/wp\/v2\/types\/post"}],"author":[{"embeddable":true,"href":"https:\/\/jm-metropole.com.br\/site\/wp-json\/wp\/v2\/users\/1"}],"replies":[{"embeddable":true,"href":"https:\/\/jm-metropole.com.br\/site\/wp-json\/wp\/v2\/comments?post=22733"}],"version-history":[{"count":1,"href":"https:\/\/jm-metropole.com.br\/site\/wp-json\/wp\/v2\/posts\/22733\/revisions"}],"predecessor-version":[{"id":22735,"href":"https:\/\/jm-metropole.com.br\/site\/wp-json\/wp\/v2\/posts\/22733\/revisions\/22735"}],"wp:featuredmedia":[{"embeddable":true,"href":"https:\/\/jm-metropole.com.br\/site\/wp-json\/wp\/v2\/media\/22734"}],"wp:attachment":[{"href":"https:\/\/jm-metropole.com.br\/site\/wp-json\/wp\/v2\/media?parent=22733"}],"wp:term":[{"taxonomy":"category","embeddable":true,"href":"https:\/\/jm-metropole.com.br\/site\/wp-json\/wp\/v2\/categories?post=22733"},{"taxonomy":"post_tag","embeddable":true,"href":"https:\/\/jm-metropole.com.br\/site\/wp-json\/wp\/v2\/tags?post=22733"}],"curies":[{"name":"wp","href":"https:\/\/api.w.org\/{rel}","templated":true}]}}