{"id":22721,"date":"2025-01-03T03:40:52","date_gmt":"2025-01-03T06:40:52","guid":{"rendered":"https:\/\/jm-metropole.com.br\/site\/?p=22721"},"modified":"2025-01-03T03:40:52","modified_gmt":"2025-01-03T06:40:52","slug":"aumenta-em-25-o-numero-de-pessoas-em-situacao-de-rua-no-pais","status":"publish","type":"post","link":"https:\/\/jm-metropole.com.br\/site\/aumenta-em-25-o-numero-de-pessoas-em-situacao-de-rua-no-pais\/","title":{"rendered":"Aumenta em 25% o n\u00famero de pessoas em situa\u00e7\u00e3o de rua no pa\u00eds"},"content":{"rendered":"<div class=\"header-noticia full-width\">\n<div class=\"linha-fina-noticia\">De acordo com a UFMG, mais de 327 mil viviam nesta situa\u00e7\u00e3o em 2024<\/div>\n<\/div>\n<div class=\"subheader\">\n<div class=\"container-autoria\">\n<p>O n\u00famero de pessoas vivendo em situa\u00e7\u00e3o de rua em todo o Brasil\u00a0aumentou aproximadamente 25%. Se em dezembro de 2023 havia 261.653 pessoas nesta situa\u00e7\u00e3o, esse n\u00famero chegou a 327.925 no final do ano passado. A informa\u00e7\u00e3o \u00e9 do levantamento mais recente divulgado pelo Observat\u00f3rio Brasileiro de Pol\u00edticas P\u00fablicas com a Popula\u00e7\u00e3o em Situa\u00e7\u00e3o de Rua, da Universidade Federal de Minas Gerais (OBPopRua\/POLOS-UFMG). O n\u00famero\u00a0apurado\u00a0em dezembro de 2024 \u00e9 14 vezes superior ao registrado onze anos atr\u00e1s, quando haviam 22.922 pessoas vivendo nas ruas no pa\u00eds.<img decoding=\"async\" src=\"https:\/\/agenciabrasil.ebc.com.br\/ebc.png?id=1625695&amp;o=node\" \/><img decoding=\"async\" src=\"https:\/\/agenciabrasil.ebc.com.br\/ebc.gif?id=1625695&amp;o=node\" \/><\/p>\n<p>O levantamento foi feito com base nos dados do Cadastro \u00danico de Programas Sociais (Cad\u00danico), que re\u00fane os benefici\u00e1rios de pol\u00edticas sociais, como o Bolsa Fam\u00edlia e o Benef\u00edcio de Presta\u00e7\u00e3o Continuada (BPC), e serve como indicativo das popula\u00e7\u00f5es em vulnerabilidade para quantificar os repasses do governo federal aos munic\u00edpios.<\/p>\n<p>A Regi\u00e3o Sudeste \u00e9 onde est\u00e3o concentradas 63% das pessoas em situa\u00e7\u00e3o de rua do pa\u00eds, com 204.714 pessoas, seguida da Regi\u00e3o Nordeste, com 47.419 pessoas (14%).<\/p>\n<p>S\u00f3 no estado de S\u00e3o Paulo, que representa 43% do total da popula\u00e7\u00e3o em situa\u00e7\u00e3o de rua do pa\u00eds, esse n\u00famero saltou de 106.857 em dezembro de 2023 para 139.799 pessoas em dezembro do ano passado. Essa quantidade \u00e9 12 vezes superior ao que foi observado em dezembro de 2013, quando eram 10.890. Em seguida aparecem os estados do Rio de Janeiro, com 30.801, e Minas Gerais, com 30.244.<\/p>\n<p>De acordo com o coordenador do Observat\u00f3rio Brasileiro de Pol\u00edticas P\u00fablicas com a Popula\u00e7\u00e3o em Situa\u00e7\u00e3o de Rua, Andr\u00e9 Luiz Freitas Dias, o aumento desta popula\u00e7\u00e3o\u00a0pode ser explicado pelo fortalecimento do Cad\u00danico como principal registro desta situa\u00e7\u00e3o\u00a0e de acesso \u00e0s pol\u00edticas p\u00fablicas sociais do pa\u00eds e tamb\u00e9m pela aus\u00eancia ou insufici\u00eancia de pol\u00edticas p\u00fablicas estruturantes voltadas para essa popula\u00e7\u00e3o, tais como moradia, trabalho e educa\u00e7\u00e3o.<\/p>\n<p>O levantamento apontou ainda que sete em cada dez pessoas em situa\u00e7\u00e3o de rua no pa\u00eds n\u00e3o terminaram o ensino fundamental e 11% encontra-se em condi\u00e7\u00e3o de analfabetismo, dificultando o acesso das pessoas \u00e0s oportunidades de trabalho geradas nas cidades.<\/p>\n<p>Em entrevista \u00e0\u00a0<strong>Ag\u00eancia Brasil<\/strong>, Robson C\u00e9sar Correia de Mendon\u00e7a, do Movimento Estadual da Popula\u00e7\u00e3o em Situa\u00e7\u00e3o de Rua de S\u00e3o Paulo, lembrou que o Censo Demogr\u00e1fico de 2022, divulgado pelo Instituto Brasileiro de Geografia e Estat\u00edstica (IBGE), apontou que a cidade de S\u00e3o Paulo conta com cerca de 590 mil im\u00f3veis particulares vazios, valor bem superior \u00e0 quantidade de pessoas em situa\u00e7\u00e3o de rua que vivem atualmente na capital paulista, em torno de 92.556, segundo o Observat\u00f3rio da UFMG.<\/p>\n<p>Para Mendon\u00e7a, se h\u00e1 crescimento na popula\u00e7\u00e3o em situa\u00e7\u00e3o de rua e uma grande quantidade de moradias ociosas em todo o pa\u00eds, isso significa que \u201cest\u00e1 faltando interesse pol\u00edtico para resolver o problema\u201d.<\/p>\n<p>\u201cSe n\u00f3s temos 588 mil e poucos pr\u00e9dios ociosos na cidade de S\u00e3o Paulo e 90 mil de popula\u00e7\u00e3o em situa\u00e7\u00e3o de rua, isso quer dizer que se fosse feita uma reforma nesses pr\u00e9dios, tornando-os habitacionais, n\u00f3s ter\u00edamos resolvido uma boa parte dessa demanda e tirado essas pessoas da situa\u00e7\u00e3o de rua. Isso tornaria muito mais barata a quest\u00e3o da moradia do que o custeio com albergue e outras quest\u00f5es que o governo busca fazer para tentar solucionar o problema e que nunca consegue solucionar\u201d, defende.<\/p>\n<p>Procurada pela\u00a0<strong>Ag\u00eancia Brasil<\/strong>, a Secretaria Estadual de Desenvolvimento Social de S\u00e3o Paulo n\u00e3o forneceu dados sobre a quantidade de pessoas vivendo nas ruas do estado paulista, mas informou que, no ano passado, dos cerca de R$240 milh\u00f5es do Fundo Estadual de Assist\u00eancia Social destinados aos munic\u00edpios, foram alocados pelas gest\u00f5es municipais cerca de R$156 milh\u00f5es em servi\u00e7os de Prote\u00e7\u00e3o Social Especial de M\u00e9dia e Alta Complexidade.<\/p>\n<p>*Com informa\u00e7\u00f5es de Ag\u00eancia Brasil<\/p>\n<\/div>\n<\/div>\n","protected":false},"excerpt":{"rendered":"<p>De acordo com a UFMG, mais de 327 mil viviam nesta situa\u00e7\u00e3o em 2024 O n\u00famero de pessoas vivendo em situa\u00e7\u00e3o de rua em todo o Brasil\u00a0aumentou aproximadamente 25%. Se em dezembro de 2023 havia 261.653 pessoas nesta situa\u00e7\u00e3o, esse n\u00famero chegou a 327.925 no final do ano passado. A informa\u00e7\u00e3o \u00e9 do levantamento mais [&hellip;]<\/p>\n","protected":false},"author":1,"featured_media":22722,"comment_status":"open","ping_status":"open","sticky":false,"template":"","format":"standard","meta":{"footnotes":""},"categories":[1],"tags":[],"class_list":{"0":"post-22721","1":"post","2":"type-post","3":"status-publish","4":"format-standard","5":"has-post-thumbnail","7":"category-tudo"},"_links":{"self":[{"href":"https:\/\/jm-metropole.com.br\/site\/wp-json\/wp\/v2\/posts\/22721","targetHints":{"allow":["GET"]}}],"collection":[{"href":"https:\/\/jm-metropole.com.br\/site\/wp-json\/wp\/v2\/posts"}],"about":[{"href":"https:\/\/jm-metropole.com.br\/site\/wp-json\/wp\/v2\/types\/post"}],"author":[{"embeddable":true,"href":"https:\/\/jm-metropole.com.br\/site\/wp-json\/wp\/v2\/users\/1"}],"replies":[{"embeddable":true,"href":"https:\/\/jm-metropole.com.br\/site\/wp-json\/wp\/v2\/comments?post=22721"}],"version-history":[{"count":1,"href":"https:\/\/jm-metropole.com.br\/site\/wp-json\/wp\/v2\/posts\/22721\/revisions"}],"predecessor-version":[{"id":22723,"href":"https:\/\/jm-metropole.com.br\/site\/wp-json\/wp\/v2\/posts\/22721\/revisions\/22723"}],"wp:featuredmedia":[{"embeddable":true,"href":"https:\/\/jm-metropole.com.br\/site\/wp-json\/wp\/v2\/media\/22722"}],"wp:attachment":[{"href":"https:\/\/jm-metropole.com.br\/site\/wp-json\/wp\/v2\/media?parent=22721"}],"wp:term":[{"taxonomy":"category","embeddable":true,"href":"https:\/\/jm-metropole.com.br\/site\/wp-json\/wp\/v2\/categories?post=22721"},{"taxonomy":"post_tag","embeddable":true,"href":"https:\/\/jm-metropole.com.br\/site\/wp-json\/wp\/v2\/tags?post=22721"}],"curies":[{"name":"wp","href":"https:\/\/api.w.org\/{rel}","templated":true}]}}