{"id":22712,"date":"2025-01-03T03:09:24","date_gmt":"2025-01-03T06:09:24","guid":{"rendered":"https:\/\/jm-metropole.com.br\/site\/?p=22712"},"modified":"2025-01-03T03:09:24","modified_gmt":"2025-01-03T06:09:24","slug":"grande-mutirao-de-zeladoria-e-saude-comeca-em-jundiapeba-e-se-estendera-por-toda-a-cidade-gabinete","status":"publish","type":"post","link":"https:\/\/jm-metropole.com.br\/site\/grande-mutirao-de-zeladoria-e-saude-comeca-em-jundiapeba-e-se-estendera-por-toda-a-cidade-gabinete\/","title":{"rendered":"Grande mutir\u00e3o de zeladoria e sa\u00fade come\u00e7a em Jundiapeba e se estender\u00e1 por toda a cidade Gabinete"},"content":{"rendered":"<p>Prefeita Mara Bertaiolli e vice T\u00e9o Cusatis d\u00e3o in\u00edcio, nesta quinta-feira (02\/01), aos trabalhos que refor\u00e7am as a\u00e7\u00f5es da Opera\u00e7\u00e3o Ver\u00e3o<\/p>\n<p>02 de janeiro de 2025<br \/>\nfacebook whatsapp<br \/>\nPrefeita Mara Bertaiolli destacou a uni\u00e3o das secretarias para a realiza\u00e7\u00e3o de um trabalho preventivo contra alagamentos e outros problemas (Divulga\u00e7\u00e3o\/PMMC)<br \/>\nPrefeita Mara Bertaiolli e o vice T\u00e9o Cusatis estiveram em Jundiapeba para acompanhar o in\u00edcio dos trabalhos do mutir\u00e3o de servi\u00e7os (Divulga\u00e7\u00e3o\/PMMC)<br \/>\nUm grande mutir\u00e3o de servi\u00e7os de limpeza, zeladoria e preven\u00e7\u00e3o na \u00e1rea da sa\u00fade teve in\u00edcio nesta quinta-feira (02\/01), no distrito de Jundiapeba, com o objetivo de se estender a todos os bairros da cidade, para prevenir e minimizar as consequ\u00eancias das chuvas intensas neste per\u00edodo do ano, principalmente nas regi\u00f5es ribeirinhas. A iniciativa refor\u00e7a as a\u00e7\u00f5es da Opera\u00e7\u00e3o Ver\u00e3o e conta com equipe de 212 pessoas, 31 caminh\u00f5es, 12 m\u00e1quinas e 40 ro\u00e7adeiras, al\u00e9m de envolver as secretarias de Servi\u00e7os Urbanos, Mobilidade, Assist\u00eancia Social, Seguran\u00e7a P\u00fablica, Defesa Civil, Esportes, Sa\u00fade, Infraestrutura e Obras, Educa\u00e7\u00e3o e Semae.<\/p>\n<p>Para o in\u00edcio dos trabalhos, a prefeita Mara Bertaiolli e o vice T\u00e9o Cusatis se reuniram, nesta manh\u00e3, com os funcion\u00e1rios da empresa Peralta, respons\u00e1vel pelos servi\u00e7os de limpeza p\u00fablica da cidade, e detalharam o objetivo e a din\u00e2mica do trabalho.<br \/>\nA meta da nova gest\u00e3o, que teve in\u00edcio nesta quarta-feira (01\/01), \u00e9 cuidar de toda a cidade, a partir de Jundiapeba, que possui pontos cr\u00edticos e deficientes de zeladoria p\u00fablica. Desta forma, o mutir\u00e3o inclui a limpeza de bueiros, bocas de lobo e descarte irregular de lixo, entre outros servi\u00e7os de manuten\u00e7\u00e3o e zeladoria.<\/p>\n<p>\u201cNossa gest\u00e3o vai ser feita por todos n\u00f3s, trabalhando juntos, em prol da cidade. O in\u00edcio do ano \u00e9 marcado por fortes chuvas e precisamos fazer a limpeza completa de todos os pontos de alagamento e o desassoreamento de rios, como o Orop\u00f3, Jundia\u00ed e Negro, al\u00e9m dos c\u00f3rregos dos Corvos, Canudos, entre outros. Faremos a limpeza de todos os corredores, para que a cidade n\u00e3o sofra as consequ\u00eancias do per\u00edodo das cheias. Estamos com todas as secretarias unidas para fazer esta preven\u00e7\u00e3o e garantir que nossa popula\u00e7\u00e3o n\u00e3o seja afetada com alagamentos e outros problemas\u201d, explica Mara Bertaiolli.<\/p>\n<p>A import\u00e2ncia de o mutir\u00e3o contemplar a \u00e1rea da Sa\u00fade foi destacada pelo vice-prefeito. \u201cFaremos uma campanha forte para preven\u00e7\u00e3o da dengue, com a\u00e7\u00f5es de combate ao mosquito Aedes Aegypti, orientando a popula\u00e7\u00e3o sobre as medidas de cuidados necess\u00e1rios. Come\u00e7aremos por Jundiapeba e vamos percorrer todos os bairros, mas obviamente, se tiver algo acontecer em outro ponto, faremos toda a mobiliza\u00e7\u00e3o para o local. A ideia \u00e9 que estas a\u00e7\u00f5es possam minimizar os eventos clim\u00e1ticos, nos antecipando da melhor maneira poss\u00edvel\u201d, aponta T\u00e9o Cusatis.<\/p>\n<p>Em Jundiapeba, o trabalho ser\u00e1 desenvolvido na regi\u00e3o urbana do distrito, com \u00eanfase no bairro Nova Jundiapeba, \u00e1rea mais vulner\u00e1vel, devido aos casos de transbordamento do rio Jundia\u00ed. No local, haver\u00e1 limpeza, nivelamento de ruas, recolhimento de materiais e de lixos acumulados em pontos irregulares de descarte, al\u00e9m de servi\u00e7os de ro\u00e7ada da vegeta\u00e7\u00e3o, de tapa-buraco em vias com asfalto, substitui\u00e7\u00e3o de l\u00e2mpadas queimadas, limpeza p\u00fablica, entre outros.<\/p>\n<p>A Secretaria de Mobilidade est\u00e1 respons\u00e1vel pela revitaliza\u00e7\u00e3o das sinaliza\u00e7\u00f5es de solo, como faixas de pedestre e em lombadas, implanta\u00e7\u00e3o de placas, tach\u00f5es e pintura de guias nos cruzamentos.<\/p>\n<p>Na \u00e1rea da Sa\u00fade, uma equipe formada por 20 profissionais da pasta desenvolver\u00e1 a\u00e7\u00f5es preventivas contra a dengue, mais comum nesta \u00e9poca do ano. Devido ao per\u00edodo de chuvas mais intensas, haver\u00e1 orienta\u00e7\u00e3o da popula\u00e7\u00e3o com rela\u00e7\u00e3o aos cuidados que devem ser adotados para combate ao mosquito da dengue e, consequentemente, preven\u00e7\u00e3o da doen\u00e7a.<\/p>\n<p>Os agentes de controle de endemias aplicar\u00e3o larvicida nos cursos d&#8217;\u00e1gua, valetas e terrenos empo\u00e7ados, inseticidas em locais de ac\u00famulos de lixo e entulho e Avalia\u00e7\u00e3o de Densidade Larv\u00e1ria (ADL) em pontos estrat\u00e9gicos.<\/p>\n<p>Agenda<\/p>\n<p>A agenda desta quinta-feira (02\/01) da nova gest\u00e3o tamb\u00e9m contou com cerim\u00f4nia ecum\u00eanica, no sagu\u00e3o do pr\u00e9dio da Prefeitura, direcionada a todos os servidores municipais e equipe de trabalho.<\/p>\n<p>J\u00e1 \u00e0s 17 horas, Mara Bertaiolli acompanha a posse do Conselho de Prefeitos do Cons\u00f3rcio de Desenvolvimento dos Munic\u00edpios do Alto Tiet\u00ea (Condemat), seguida de coletiva de imprensa organizada pelo Cons\u00f3rcio.<\/p>\n<p>Al\u00e9m disso, durante todo o dia est\u00e3o sendo tomadas decis\u00f5es administrativas, com base nos decretos municipais assinados nesta quarta-feira (01\/01).<\/p>\n","protected":false},"excerpt":{"rendered":"<p>Prefeita Mara Bertaiolli e vice T\u00e9o Cusatis d\u00e3o in\u00edcio, nesta quinta-feira (02\/01), aos trabalhos que refor\u00e7am as a\u00e7\u00f5es da Opera\u00e7\u00e3o Ver\u00e3o 02 de janeiro de 2025 facebook whatsapp Prefeita Mara Bertaiolli destacou a uni\u00e3o das secretarias para a realiza\u00e7\u00e3o de um trabalho preventivo contra alagamentos e outros problemas (Divulga\u00e7\u00e3o\/PMMC) Prefeita Mara Bertaiolli e o vice [&hellip;]<\/p>\n","protected":false},"author":1,"featured_media":22713,"comment_status":"open","ping_status":"open","sticky":false,"template":"","format":"standard","meta":{"footnotes":""},"categories":[10],"tags":[],"class_list":{"0":"post-22712","1":"post","2":"type-post","3":"status-publish","4":"format-standard","5":"has-post-thumbnail","7":"category-mogi-das-cruzes"},"_links":{"self":[{"href":"https:\/\/jm-metropole.com.br\/site\/wp-json\/wp\/v2\/posts\/22712","targetHints":{"allow":["GET"]}}],"collection":[{"href":"https:\/\/jm-metropole.com.br\/site\/wp-json\/wp\/v2\/posts"}],"about":[{"href":"https:\/\/jm-metropole.com.br\/site\/wp-json\/wp\/v2\/types\/post"}],"author":[{"embeddable":true,"href":"https:\/\/jm-metropole.com.br\/site\/wp-json\/wp\/v2\/users\/1"}],"replies":[{"embeddable":true,"href":"https:\/\/jm-metropole.com.br\/site\/wp-json\/wp\/v2\/comments?post=22712"}],"version-history":[{"count":1,"href":"https:\/\/jm-metropole.com.br\/site\/wp-json\/wp\/v2\/posts\/22712\/revisions"}],"predecessor-version":[{"id":22714,"href":"https:\/\/jm-metropole.com.br\/site\/wp-json\/wp\/v2\/posts\/22712\/revisions\/22714"}],"wp:featuredmedia":[{"embeddable":true,"href":"https:\/\/jm-metropole.com.br\/site\/wp-json\/wp\/v2\/media\/22713"}],"wp:attachment":[{"href":"https:\/\/jm-metropole.com.br\/site\/wp-json\/wp\/v2\/media?parent=22712"}],"wp:term":[{"taxonomy":"category","embeddable":true,"href":"https:\/\/jm-metropole.com.br\/site\/wp-json\/wp\/v2\/categories?post=22712"},{"taxonomy":"post_tag","embeddable":true,"href":"https:\/\/jm-metropole.com.br\/site\/wp-json\/wp\/v2\/tags?post=22712"}],"curies":[{"name":"wp","href":"https:\/\/api.w.org\/{rel}","templated":true}]}}