{"id":22708,"date":"2025-01-03T03:07:15","date_gmt":"2025-01-03T06:07:15","guid":{"rendered":"https:\/\/jm-metropole.com.br\/site\/?p=22708"},"modified":"2025-01-03T03:08:05","modified_gmt":"2025-01-03T06:08:05","slug":"22708-2","status":"publish","type":"post","link":"https:\/\/jm-metropole.com.br\/site\/22708-2\/","title":{"rendered":"Lucas Sanches define secretariado e lideran\u00e7as do Fundo Social de Solidariedade"},"content":{"rendered":"<div class=\"xdj266r x11i5rnm xat24cr x1mh8g0r x1vvkbs x126k92a\">\n<div dir=\"auto\">Ap\u00f3s tomar posse, o novo prefeito de Guarulhos Lucas Sanches oficializou os nomes que de sua equipe de secret\u00e1rios e lideran\u00e7as no Fundo Social de Solidariedade.<\/div>\n<div dir=\"auto\"><\/div>\n<div dir=\"auto\">Entre os secret\u00e1rios, Ibrahim El Kadi \u00e9 o \u00fanico remanescente da gest\u00e3o anterior, ficando com a pasta da Secretaria de Fazenda, mesmo cargo que ocupava na adminstra\u00e7\u00e3o anterior.<\/div>\n<div dir=\"auto\"><\/div>\n<\/div>\n<div class=\"x11i5rnm xat24cr x1mh8g0r x1vvkbs xtlvy1s x126k92a\">\n<div dir=\"auto\">Dois vereadores eleitos em 2024 assumem secretarias. Trata-se de\u00a0 Carlos Santiago (PL), que ser\u00e1 o chefe de Governo, deixando sua vaga na C\u00e2mara para o suplente Joseval Martins de Queiroz (PL). O outro \u00e9 o vereador reeleito Pastor Anistado (MOBILIZA), que comandar\u00e1 a pasta da Habita\u00e7\u00e3o, sendo substitu\u00eddo por Geraldo Celestino (MOBILIZA), que n\u00e3o foi reeleito, no Legislativo.<\/div>\n<div dir=\"auto\"><\/div>\n<\/div>\n<div class=\"x11i5rnm xat24cr x1mh8g0r x1vvkbs xtlvy1s x126k92a\">\n<div dir=\"auto\">Marco Ant\u00f4nio Guimar\u00e3es assume a\u00a0 Secretaria de Obras, enquanto \u00c1lvaro Assad Ghiraldini ficar\u00e1 de forma interina a frente da Secretaria de Justi\u00e7a. j\u00e1 Marcos Ant\u00f4nio Lisboa da Concei\u00e7\u00e3o ficar\u00e1 respons\u00e1vel pela Secretaria de Esportes e Lazer tamb\u00e9m interinamente.<\/div>\n<div dir=\"auto\"><\/div>\n<\/div>\n<div class=\"x11i5rnm xat24cr x1mh8g0r x1vvkbs xtlvy1s x126k92a\">\n<div dir=\"auto\">Caroline Vit\u00f3ria Beneton Gomes, noiva do prefeito Lucas Sanches, foi nomeada presidente do Fundo Social de Solidariedade, enquanto Dayane Leme de Andrade, esposa do vice-prefeito Thiago Surfista, assumir\u00e1 o cargo de vice-presidente.<\/div>\n<div dir=\"auto\"><\/div>\n<\/div>\n<div class=\"x11i5rnm xat24cr x1mh8g0r x1vvkbs xtlvy1s x126k92a\">\n<div dir=\"auto\">Confira a lista completa dos secret\u00e1rios nomeados pelo prefeito Lucas Sanches:<\/div>\n<\/div>\n<div class=\"x11i5rnm xat24cr x1mh8g0r x1vvkbs xtlvy1s x126k92a\">\n<div dir=\"auto\">&#8211; Chefe de Gabinete: Caio da Silva Santo<\/div>\n<div dir=\"auto\">&#8211; Secretaria de Administra\u00e7\u00f5es Regionais(SAR): Giovanni Giudice Calderon<\/div>\n<div dir=\"auto\">&#8211; Seguran\u00e7a P\u00fablica (SASP): Gilson H\u00e9lio Jesus dos Santos<\/div>\n<div dir=\"auto\">&#8211; Desenvolvimento e Assist\u00eancia Social (SDAS): Henrique Rocha Menezes<\/div>\n<div dir=\"auto\">&#8211; Habita\u00e7\u00e3o: Anistaldo Luiz Lopes da Silva<\/div>\n<div dir=\"auto\">&#8211; Meio Ambiente: Alex Mendes Nepomuceno<\/div>\n<div dir=\"auto\">&#8211; Obras (SO): Marco Ant\u00f4nio Guimar\u00e3es<\/div>\n<div dir=\"auto\">&#8211; Trabalho (SR): Adalberto Jos\u00e9 Mathias Pinto<\/div>\n<div dir=\"auto\">&#8211; Sa\u00fade: M\u00e1rcio Chaves Pires<\/div>\n<div dir=\"auto\">&#8211; Servi\u00e7os P\u00fablicos (SSP): Lucius do Amaral Vieira<\/div>\n<div dir=\"auto\">&#8211; Desenvolvimento Cient\u00edfico, Econ\u00f4mico, Tecnol\u00f3gico e de Inova\u00e7\u00e3o (SDCETI): Rodrigo Luiz Batista Redoschi<\/div>\n<div dir=\"auto\">&#8211; Desenvolvimento Urbano (SDU): Rodrigo Prata da Rocha Gon\u00e7alves<\/div>\n<div dir=\"auto\">&#8211; Educa\u00e7\u00e3o: Silvio Rodrigues da Silva<\/div>\n<div dir=\"auto\">&#8211; Fazenda: Ibrahim Faouzi El Kadi<\/div>\n<div dir=\"auto\">&#8211; Gest\u00e3o (SGE): Armando Tavares dos Santos Neto<\/div>\n<div dir=\"auto\">&#8211; Secretaria de Governo: Alberto Santiago Gomes Barbosa<\/div>\n<\/div>\n","protected":false},"excerpt":{"rendered":"<p>Ap\u00f3s tomar posse, o novo prefeito de Guarulhos Lucas Sanches oficializou os nomes que de sua equipe de secret\u00e1rios e lideran\u00e7as no Fundo Social de Solidariedade. Entre os secret\u00e1rios, Ibrahim El Kadi \u00e9 o \u00fanico remanescente da gest\u00e3o anterior, ficando com a pasta da Secretaria de Fazenda, mesmo cargo que ocupava na adminstra\u00e7\u00e3o anterior. Dois [&hellip;]<\/p>\n","protected":false},"author":1,"featured_media":22709,"comment_status":"open","ping_status":"open","sticky":false,"template":"","format":"standard","meta":{"footnotes":""},"categories":[3],"tags":[],"class_list":{"0":"post-22708","1":"post","2":"type-post","3":"status-publish","4":"format-standard","5":"has-post-thumbnail","7":"category-guarulhos"},"_links":{"self":[{"href":"https:\/\/jm-metropole.com.br\/site\/wp-json\/wp\/v2\/posts\/22708","targetHints":{"allow":["GET"]}}],"collection":[{"href":"https:\/\/jm-metropole.com.br\/site\/wp-json\/wp\/v2\/posts"}],"about":[{"href":"https:\/\/jm-metropole.com.br\/site\/wp-json\/wp\/v2\/types\/post"}],"author":[{"embeddable":true,"href":"https:\/\/jm-metropole.com.br\/site\/wp-json\/wp\/v2\/users\/1"}],"replies":[{"embeddable":true,"href":"https:\/\/jm-metropole.com.br\/site\/wp-json\/wp\/v2\/comments?post=22708"}],"version-history":[{"count":2,"href":"https:\/\/jm-metropole.com.br\/site\/wp-json\/wp\/v2\/posts\/22708\/revisions"}],"predecessor-version":[{"id":22711,"href":"https:\/\/jm-metropole.com.br\/site\/wp-json\/wp\/v2\/posts\/22708\/revisions\/22711"}],"wp:featuredmedia":[{"embeddable":true,"href":"https:\/\/jm-metropole.com.br\/site\/wp-json\/wp\/v2\/media\/22709"}],"wp:attachment":[{"href":"https:\/\/jm-metropole.com.br\/site\/wp-json\/wp\/v2\/media?parent=22708"}],"wp:term":[{"taxonomy":"category","embeddable":true,"href":"https:\/\/jm-metropole.com.br\/site\/wp-json\/wp\/v2\/categories?post=22708"},{"taxonomy":"post_tag","embeddable":true,"href":"https:\/\/jm-metropole.com.br\/site\/wp-json\/wp\/v2\/tags?post=22708"}],"curies":[{"name":"wp","href":"https:\/\/api.w.org\/{rel}","templated":true}]}}