{"id":22705,"date":"2025-01-02T18:03:09","date_gmt":"2025-01-02T21:03:09","guid":{"rendered":"https:\/\/jm-metropole.com.br\/site\/?p=22705"},"modified":"2025-01-02T18:03:09","modified_gmt":"2025-01-02T21:03:09","slug":"prf-em-sao-paulo-encerra-operacao-ano-novo-com-aumento-de-122-no-numero-de-flagrantes-de-excesso-de-velocidade","status":"publish","type":"post","link":"https:\/\/jm-metropole.com.br\/site\/prf-em-sao-paulo-encerra-operacao-ano-novo-com-aumento-de-122-no-numero-de-flagrantes-de-excesso-de-velocidade\/","title":{"rendered":"PRF em S\u00e3o Paulo encerra Opera\u00e7\u00e3o Ano Novo com aumento de 122% no n\u00famero de flagrantes de excesso de velocidade"},"content":{"rendered":"<p>Apesar do aumento dos registros de excesso de velocidade, a PRF registrou redu\u00e7\u00e3o de 24% no total de sinistros de tr\u00e2nsito, 47% nos sinistros graves e 80% no n\u00famero de mortes em rela\u00e7\u00e3o ao ano passado.<\/p>\n<p>Saiba mais em: https:\/\/www.gov.br\/prf\/pt-br\/noticias\/estaduais\/sao-paulo\/prf-encerra-operacao-ano-novo-com-aumento-de-122-no-numero-de-infracoes-por-excesso-de-velocidade<\/p>\n","protected":false},"excerpt":{"rendered":"<p>Apesar do aumento dos registros de excesso de velocidade, a PRF registrou redu\u00e7\u00e3o de 24% no total de sinistros de tr\u00e2nsito, 47% nos sinistros graves e 80% no n\u00famero de mortes em rela\u00e7\u00e3o ao ano passado. Saiba mais em: https:\/\/www.gov.br\/prf\/pt-br\/noticias\/estaduais\/sao-paulo\/prf-encerra-operacao-ano-novo-com-aumento-de-122-no-numero-de-infracoes-por-excesso-de-velocidade<\/p>\n","protected":false},"author":1,"featured_media":22706,"comment_status":"open","ping_status":"open","sticky":false,"template":"","format":"standard","meta":{"footnotes":""},"categories":[48],"tags":[],"class_list":{"0":"post-22705","1":"post","2":"type-post","3":"status-publish","4":"format-standard","5":"has-post-thumbnail","7":"category-geral"},"_links":{"self":[{"href":"https:\/\/jm-metropole.com.br\/site\/wp-json\/wp\/v2\/posts\/22705","targetHints":{"allow":["GET"]}}],"collection":[{"href":"https:\/\/jm-metropole.com.br\/site\/wp-json\/wp\/v2\/posts"}],"about":[{"href":"https:\/\/jm-metropole.com.br\/site\/wp-json\/wp\/v2\/types\/post"}],"author":[{"embeddable":true,"href":"https:\/\/jm-metropole.com.br\/site\/wp-json\/wp\/v2\/users\/1"}],"replies":[{"embeddable":true,"href":"https:\/\/jm-metropole.com.br\/site\/wp-json\/wp\/v2\/comments?post=22705"}],"version-history":[{"count":1,"href":"https:\/\/jm-metropole.com.br\/site\/wp-json\/wp\/v2\/posts\/22705\/revisions"}],"predecessor-version":[{"id":22707,"href":"https:\/\/jm-metropole.com.br\/site\/wp-json\/wp\/v2\/posts\/22705\/revisions\/22707"}],"wp:featuredmedia":[{"embeddable":true,"href":"https:\/\/jm-metropole.com.br\/site\/wp-json\/wp\/v2\/media\/22706"}],"wp:attachment":[{"href":"https:\/\/jm-metropole.com.br\/site\/wp-json\/wp\/v2\/media?parent=22705"}],"wp:term":[{"taxonomy":"category","embeddable":true,"href":"https:\/\/jm-metropole.com.br\/site\/wp-json\/wp\/v2\/categories?post=22705"},{"taxonomy":"post_tag","embeddable":true,"href":"https:\/\/jm-metropole.com.br\/site\/wp-json\/wp\/v2\/tags?post=22705"}],"curies":[{"name":"wp","href":"https:\/\/api.w.org\/{rel}","templated":true}]}}