{"id":22641,"date":"2024-12-30T14:13:42","date_gmt":"2024-12-30T17:13:42","guid":{"rendered":"https:\/\/jm-metropole.com.br\/site\/?p=22641"},"modified":"2024-12-30T14:13:42","modified_gmt":"2024-12-30T17:13:42","slug":"transporte-municipal-por-onibus-ganha-novas-linhas-e-renovacao-da-frota","status":"publish","type":"post","link":"https:\/\/jm-metropole.com.br\/site\/transporte-municipal-por-onibus-ganha-novas-linhas-e-renovacao-da-frota\/","title":{"rendered":"Transporte municipal por \u00f4nibus ganha novas linhas e renova\u00e7\u00e3o da frota"},"content":{"rendered":"<p>Itiner\u00e1rios criados por meio de estudos realizados entre a prefeitura e a Radial Mais Transporte melhoraram conex\u00e3o entre as regi\u00f5es de Suzano, com ve\u00edculos mais modernos<\/p>\n<p>O servi\u00e7o de transporte p\u00fablico municipal por \u00f4nibus ganhou novas linhas e renova\u00e7\u00e3o da frota no per\u00edodo 2017-2024. Os itiner\u00e1rios criados por meio de estudos entre a Prefeitura de Suzano e a concession\u00e1ria Radial Mais Transporte melhoraram a conex\u00e3o entre as tr\u00eas regi\u00f5es da cidade, com a utiliza\u00e7\u00e3o de ve\u00edculos mais modernos, que passaram a garantir mais conforto aos passageiros e a acessibilidade ideal para as pessoas com defici\u00eancia f\u00edsica.<\/p>\n<p>Os novos trajetos foram proporcionados pela inclus\u00e3o de mais quatro linhas, que refor\u00e7aram o atendimento para os moradores que se deslocam aos bairros centrais da cidade. Para garantir a assist\u00eancia necess\u00e1ria aos moradores, foram inclu\u00eddas no transporte p\u00fablico de \u00f4nibus, as linhas 04BI &#8211; Jardim Sa\u00fade\/Esta\u00e7\u00e3o de Suzano; 13TR &#8211; Esta\u00e7\u00e3o Suzano Suzan\u00e1polis (via Parque Max Feffer &#8211; circular); 19TR &#8211; Terminal Norte\/Estrada do Furuyama; e 01TR &#8211; Cidade Edson \/ Sesc.<\/p>\n<p>A linha 04BI beneficiou os moradores que precisam descer nos pontos situados ao longo das ruas Dr. Prudente de Moraes (SP-66), Benjamin Constant, Regina Cabalau Mendon\u00e7a, estrada dos Fernandes, Lhubinko Raykov, avenida Professor Marcos de Paula Eduardo, Francisco Antonio Ribeiro, Vereador Sebasti\u00e3o Elias de Carvalho, Luiz Afonso e Rui Barbosa.<\/p>\n<p>O itiner\u00e1rio proposto pela linha 13TR facilitou os deslocamentos dos mun\u00edcipes que embarcam e desembarcam nas ruas Leonor Edmee de Castro, Antonia Bocuzzi Lopes e Alice Palermo Santos, avenida Paulista, rua da Divisa, avenida Conde de Monte Cristo, rua da Turmalina, avenida Mogi das Cruzes, avenidas Senador Roberto Simonsen e Brasil, ruas Dr. Prudente de Moraes, Marechal Deodoro e Felicio de Camargo, avenida Antonio Marques Figueira e rua Dr. Prudente de Moraes. J\u00e1 a linha 19TR atende aqueles que frequentam as imedia\u00e7\u00f5es das avenidas Jorge Bey Maluf e Vereador Jo\u00e3o Batista Fittipaldi, estrada do Furuyama e avenida Francisco Marengo.<\/p>\n<p>Por fim, a linha 01TR ganhou novas conex\u00f5es por conta dos empreendimentos instalados na rua Mitsuharu Matsushita, no bairro Ch\u00e1cara Est\u00e2ncia Paulista. Al\u00e9m desta rua, o itiner\u00e1rio da rota compreende a rua Antonio da Surrei\u00e7\u00e3o, a estrada Antonio Jorge, a rua Dibe Tanus, a estrada do Viaduto, e as ruas Mereciana Aparecida de Jesus Lopes, Maria Elias Duarte, Lobato, Bahe Macedo, Passos, S\u00e3o Carlos, Benedito Rodrigues, General Francisco Glic\u00e9rio, Tiradentes, Baruel e Rui Barbosa; al\u00e9m do viaduto Leon Feffer, do Terminal de Transportes Urbanos Vereador Diniz Jos\u00e9 dos Santos Faria (Terminal Norte), e das avenidas Jorge Bey Maluf, Antonio Marques Figueira, Vereador Jo\u00e3o Batista Fitipaldi, Francisco Marengo, Jaguari, Boa Vista, Katsutoshi Naito e Presidente Kennedy.<\/p>\n<p>Novos \u00f4nibus<\/p>\n<p>Para atender os passageiros que utilizam todas as linhas municipais, a Prefeitura de Suzano e Radial Mais Transporte est\u00e3o trabalhando para garantir a renova\u00e7\u00e3o gradual da frota, composta por 120 ve\u00edculos. Deste total, 27 carros novos j\u00e1 est\u00e3o circulando, equipados com tomadas USB e elevador, que garante a acessibilidade necess\u00e1ria para Pessoas com Defici\u00eancia (PCDs), e capacidade de 82 passageiros, com 41 assentos. Para promover a substitui\u00e7\u00e3o integral da frota, a Radial investir\u00e1 mais de R$ 100 milh\u00f5es.<\/p>\n<p>Claudinei Galo, da Secretaria Municipal de Transporte e Mobilidade Urbana, destacou que o acr\u00e9scimo das novas linhas e a renova\u00e7\u00e3o dos \u00f4nibus revelam a aten\u00e7\u00e3o da administra\u00e7\u00e3o para prestar o melhor atendimento aos usu\u00e1rios do transporte p\u00fablico. \u201cOs \u00f4nibus atendem boa parte dos nossos mun\u00edcipes que v\u00e3o para o trabalho, para a escola, para faculdade e se locomovem em suas horas de lazer. N\u00f3s contemplamos mais endere\u00e7os, em mais hor\u00e1rios, com os avan\u00e7os do servi\u00e7o, garantindo ainda mais conforto e seguran\u00e7a. As novidades melhoraram a vida de todos que circulam em Suzano\u201d, avaliou.<\/p>\n<p>Por sua vez, o prefeito Rodrigo Ashiuchi destacou que os estudos sobre as demandas da popula\u00e7\u00e3o viabilizaram importantes conquistas para o transporte p\u00fablico. \u201cS\u00e3o servi\u00e7os de mobilidade urbana que transformam a realidade de nosso munic\u00edpio. As novas linhas, a renova\u00e7\u00e3o da nova frota, os novos abrigos de \u00f4nibus e todas as a\u00e7\u00f5es que executamos para as melhorias do transporte e da mobilidade urbana est\u00e3o aumentando significativamente a qualidade de vida da popula\u00e7\u00e3o. Estivemos em contato permanente com a Radial Mais Transporte para o aprimoramento cont\u00ednuo dos servi\u00e7os prestados \u00e0 popula\u00e7\u00e3o\u201d, refor\u00e7ou o chefe do Poder Executivo municipal.<\/p>\n<p>Novo terminal<\/p>\n<p>Est\u00e3o em fase final as obras referentes ao Terminal de \u00d4nibus de Palmeiras Jorge Ueno, que est\u00e1 sendo constru\u00eddo na estrada do Koyama, 365. O local ser\u00e1 operado pela concession\u00e1ria Radial Transporte e ter\u00e1, de in\u00edcio, oito linhas para atender cerca de 11 mil passageiros por dia, proporcionando mais op\u00e7\u00f5es de deslocamento com os demais trajetos municipais e facilitando o acesso \u00e0 Esta\u00e7\u00e3o Suzano, da Linha 11 \u2013 Coral da Companhia Paulista de Trens Metropolitanos (CPTM).<\/p>\n<p>Cr\u00e9dito das fotos: Luana Bergamini\/Secop Suzano<\/p>\n","protected":false},"excerpt":{"rendered":"<p>Itiner\u00e1rios criados por meio de estudos realizados entre a prefeitura e a Radial Mais Transporte melhoraram conex\u00e3o entre as regi\u00f5es de Suzano, com ve\u00edculos mais modernos O servi\u00e7o de transporte p\u00fablico municipal por \u00f4nibus ganhou novas linhas e renova\u00e7\u00e3o da frota no per\u00edodo 2017-2024. Os itiner\u00e1rios criados por meio de estudos entre a Prefeitura de [&hellip;]<\/p>\n","protected":false},"author":1,"featured_media":22642,"comment_status":"open","ping_status":"open","sticky":false,"template":"","format":"standard","meta":{"footnotes":""},"categories":[9],"tags":[],"class_list":{"0":"post-22641","1":"post","2":"type-post","3":"status-publish","4":"format-standard","5":"has-post-thumbnail","7":"category-suzano"},"_links":{"self":[{"href":"https:\/\/jm-metropole.com.br\/site\/wp-json\/wp\/v2\/posts\/22641","targetHints":{"allow":["GET"]}}],"collection":[{"href":"https:\/\/jm-metropole.com.br\/site\/wp-json\/wp\/v2\/posts"}],"about":[{"href":"https:\/\/jm-metropole.com.br\/site\/wp-json\/wp\/v2\/types\/post"}],"author":[{"embeddable":true,"href":"https:\/\/jm-metropole.com.br\/site\/wp-json\/wp\/v2\/users\/1"}],"replies":[{"embeddable":true,"href":"https:\/\/jm-metropole.com.br\/site\/wp-json\/wp\/v2\/comments?post=22641"}],"version-history":[{"count":1,"href":"https:\/\/jm-metropole.com.br\/site\/wp-json\/wp\/v2\/posts\/22641\/revisions"}],"predecessor-version":[{"id":22643,"href":"https:\/\/jm-metropole.com.br\/site\/wp-json\/wp\/v2\/posts\/22641\/revisions\/22643"}],"wp:featuredmedia":[{"embeddable":true,"href":"https:\/\/jm-metropole.com.br\/site\/wp-json\/wp\/v2\/media\/22642"}],"wp:attachment":[{"href":"https:\/\/jm-metropole.com.br\/site\/wp-json\/wp\/v2\/media?parent=22641"}],"wp:term":[{"taxonomy":"category","embeddable":true,"href":"https:\/\/jm-metropole.com.br\/site\/wp-json\/wp\/v2\/categories?post=22641"},{"taxonomy":"post_tag","embeddable":true,"href":"https:\/\/jm-metropole.com.br\/site\/wp-json\/wp\/v2\/tags?post=22641"}],"curies":[{"name":"wp","href":"https:\/\/api.w.org\/{rel}","templated":true}]}}