{"id":22638,"date":"2024-12-30T14:11:33","date_gmt":"2024-12-30T17:11:33","guid":{"rendered":"https:\/\/jm-metropole.com.br\/site\/?p=22638"},"modified":"2024-12-30T14:11:33","modified_gmt":"2024-12-30T17:11:33","slug":"itaqua-entrega-2-mil-cestas-de-natal-para-publico-atendido-pela-assistencia-social","status":"publish","type":"post","link":"https:\/\/jm-metropole.com.br\/site\/itaqua-entrega-2-mil-cestas-de-natal-para-publico-atendido-pela-assistencia-social\/","title":{"rendered":"Itaqu\u00e1 entrega 2 mil cestas de Natal para p\u00fablico atendido pela assist\u00eancia social"},"content":{"rendered":"<p>Pessoas\u00a0em situa\u00e7\u00e3o de rua receberam refei\u00e7\u00f5es prontas<\/p>\n<p>A Prefeitura de Itaquaquecetuba, por meio da Secretaria de Desenvolvimento Social, realizou a entrega de 2 mil cestas de Natal para pessoas em situa\u00e7\u00e3o de vulnerabilidade atendidas pelos equipamentos de assist\u00eancia social.<\/p>\n<p>Os benefici\u00e1rios s\u00e3o cadastrados nos Centro de Refer\u00eancia de Assist\u00eancia Social (CRAS), Centro de Refer\u00eancia Especializado de Assist\u00eancia Social (CREAS) e no Centro de Conviv\u00eancia da Melhor Idade (CEMI).<\/p>\n<p>Eles participam dos servi\u00e7os de Conviv\u00eancia e Fortalecimento de V\u00ednculos (SCFV) de crian\u00e7as, adolescentes e adultos, de Prote\u00e7\u00e3o e Atendimento Integral \u00e0s Fam\u00edlias (PAIF), de Prote\u00e7\u00e3o e Atendimento Especializado \u00e0s Fam\u00edlias e Indiv\u00edduos (PAEFI), em cumprimento de medida socioeducativa e do programa Crian\u00e7a Feliz.<\/p>\n<p>A cesta \u00e9 composta por achocolatado, doce de leite, farofa, gelatinas de morango e abacaxi, lentilha, macarr\u00e3o, molho de tomate, panetone, frango em pouch, seleta de legumes, leite condensado, sach\u00eas de maionese e azeitona, caixa de bombom e alfajor.<\/p>\n<p>A pasta tamb\u00e9m promoveu refei\u00e7\u00f5es especiais com caf\u00e9 da manh\u00e3, almo\u00e7o e janta para pessoas em situa\u00e7\u00e3o de rua atendidas pelo Servi\u00e7o de Acolhimento para Adultos e Fam\u00edlias, al\u00e9m de um caf\u00e9 da manh\u00e3 de Natal no Centro de Refer\u00eancia Especializado para Popula\u00e7\u00e3o em Situa\u00e7\u00e3o de Rua (Centro POP).<\/p>\n<p>\u201cEstamos fechando 2024 com chave de ouro pensando no bem-estar das fam\u00edlias. Itaqu\u00e1 \u00e9 uma nova cidade com estrutura para garantir que a popula\u00e7\u00e3o tenha atendimento de qualidade. Em 2025 o trabalho continua&#8221;, afirmou o prefeito Eduardo Boigues.<\/p>\n<p>Desde 2021, j\u00e1 foram entregues 17 mil cestas com o objetivo de promover a solidariedade e reduzir a desigualdade social. &#8220;Realizamos todos os anos a\u00e7\u00f5es para celebrar o Natal e, neste ano, n\u00e3o seria diferente. Preparamos tudo com muito carinho para quem mais precisa&#8221;, completou a secret\u00e1ria de Desenvolvimento Social, Elaine Loureiro.<\/p>\n","protected":false},"excerpt":{"rendered":"<p>Pessoas\u00a0em situa\u00e7\u00e3o de rua receberam refei\u00e7\u00f5es prontas A Prefeitura de Itaquaquecetuba, por meio da Secretaria de Desenvolvimento Social, realizou a entrega de 2 mil cestas de Natal para pessoas em situa\u00e7\u00e3o de vulnerabilidade atendidas pelos equipamentos de assist\u00eancia social. Os benefici\u00e1rios s\u00e3o cadastrados nos Centro de Refer\u00eancia de Assist\u00eancia Social (CRAS), Centro de Refer\u00eancia Especializado [&hellip;]<\/p>\n","protected":false},"author":1,"featured_media":22639,"comment_status":"open","ping_status":"open","sticky":false,"template":"","format":"standard","meta":{"footnotes":""},"categories":[6],"tags":[],"class_list":{"0":"post-22638","1":"post","2":"type-post","3":"status-publish","4":"format-standard","5":"has-post-thumbnail","7":"category-itaqua"},"_links":{"self":[{"href":"https:\/\/jm-metropole.com.br\/site\/wp-json\/wp\/v2\/posts\/22638","targetHints":{"allow":["GET"]}}],"collection":[{"href":"https:\/\/jm-metropole.com.br\/site\/wp-json\/wp\/v2\/posts"}],"about":[{"href":"https:\/\/jm-metropole.com.br\/site\/wp-json\/wp\/v2\/types\/post"}],"author":[{"embeddable":true,"href":"https:\/\/jm-metropole.com.br\/site\/wp-json\/wp\/v2\/users\/1"}],"replies":[{"embeddable":true,"href":"https:\/\/jm-metropole.com.br\/site\/wp-json\/wp\/v2\/comments?post=22638"}],"version-history":[{"count":1,"href":"https:\/\/jm-metropole.com.br\/site\/wp-json\/wp\/v2\/posts\/22638\/revisions"}],"predecessor-version":[{"id":22640,"href":"https:\/\/jm-metropole.com.br\/site\/wp-json\/wp\/v2\/posts\/22638\/revisions\/22640"}],"wp:featuredmedia":[{"embeddable":true,"href":"https:\/\/jm-metropole.com.br\/site\/wp-json\/wp\/v2\/media\/22639"}],"wp:attachment":[{"href":"https:\/\/jm-metropole.com.br\/site\/wp-json\/wp\/v2\/media?parent=22638"}],"wp:term":[{"taxonomy":"category","embeddable":true,"href":"https:\/\/jm-metropole.com.br\/site\/wp-json\/wp\/v2\/categories?post=22638"},{"taxonomy":"post_tag","embeddable":true,"href":"https:\/\/jm-metropole.com.br\/site\/wp-json\/wp\/v2\/tags?post=22638"}],"curies":[{"name":"wp","href":"https:\/\/api.w.org\/{rel}","templated":true}]}}