{"id":22633,"date":"2024-12-30T10:44:56","date_gmt":"2024-12-30T13:44:56","guid":{"rendered":"https:\/\/jm-metropole.com.br\/site\/?p=22633"},"modified":"2024-12-30T10:44:56","modified_gmt":"2024-12-30T13:44:56","slug":"confira-o-que-abre-e-fecha-no-feriado-de-ano-novo","status":"publish","type":"post","link":"https:\/\/jm-metropole.com.br\/site\/confira-o-que-abre-e-fecha-no-feriado-de-ano-novo\/","title":{"rendered":"CONFIRA O QUE ABRE E FECHA NO FERIADO DE ANO NOVO"},"content":{"rendered":"<p>A Prefeitura de Aruj\u00e1 e outros departamentos da Administra\u00e7\u00e3o Municipal n\u00e3o ter\u00e3o expediente na ter\u00e7a (31) e na quarta-feira (1\u00b0), durante o feriado de Ano Novo. O trabalho nas reparti\u00e7\u00f5es p\u00fablicas voltar\u00e1 ao normal na quinta-feira (02), logo pela manh\u00e3, lembrando ainda que, no dia 1\u00b0, a popula\u00e7\u00e3o poder\u00e1 prestigiar a posse dos candidatos eleitos, bem como do prefeito reeleito, na Associa\u00e7\u00e3o Cultural Kaikan, a partir das 15 horas. O Procon segue o mesmo cronograma da Prefeitura.<\/p>\n<p>Na \u00e1rea da sa\u00fade, as Unidades B\u00e1sicas de Sa\u00fade (UBSs) n\u00e3o funcionar\u00e3o na ter\u00e7a (31) e quarta-feira (01), mas o Pronto Atendimento Municipal (PAM) Barreto, o Pronto Atendimento (PA) Central e o Pr\u00f3-Crian\u00e7a localizado na esquina da rua Pedro de Toledo com a rua Carlos de Campos, na \u00e1rea central, atendem 24 horas.<\/p>\n<p>A rede municipal de ensino tamb\u00e9m n\u00e3o ter\u00e1 expediente no feriado, visto que se encontra no per\u00edodo de f\u00e9rias escolares.<\/p>\n<p>Os parques municipais de Aruj\u00e1 ter\u00e3o hor\u00e1rios especiais no final de ano, sendo que o Parque Cidade Natureza, a Pra\u00e7a da Juventude e o Parque dos Ip\u00eas estar\u00e3o abertos no dia 30 de dezembro, mas fechados nos dias 31 de dezembro e 1\u00b0 de janeiro. J\u00e1 no dia 2 de janeiro e demais dias, os parques funcionar\u00e3o normalmente.<\/p>\n<p>As lot\u00e9ricas de Aruj\u00e1 funcionam no dia 31 normalmente, folgando no dia 1\u00b0. Os Correios, por sua vez, folgar\u00e3o apenas no dia 1\u00b0 e os bancos funcionam em hor\u00e1rio normal no dia 30, mas no dia 31 n\u00e3o haver\u00e1 expediente, assim como no dia 1\u00b0. A ag\u00eancia do INSS funcionar\u00e1 no dia 31, das 7 \u00e0s 13h, e fecha dia 1\u00b0, enquanto o Poupatempo realizar\u00e1 atendimentos no dia 30, at\u00e9 \u00e0s 12 horas, fechando nos dias 31 e 1\u00b0.<\/p>\n<p>A ag\u00eancia da Sabesp realizar\u00e1 atendimentos at\u00e9 \u00e0s 12h do dia 30 e n\u00e3o ter\u00e1 expediente na unidade f\u00edsica nos dias 31 e 01, tendo dispon\u00edvel 24 horas o atendimento de emerg\u00eancia pelo 0800 011 9911, retornando o funcionamento do posto no dia 2. J\u00e1 a Elektro segue o mesmo cronograma da Sabesp e, para os servi\u00e7os de emerg\u00eancia, como manuten\u00e7\u00f5es, o telefone \u00e9 o 0800 701 01 03.<\/p>\n<p>A coleta de lixo funcionar\u00e1 em hor\u00e1rio ampliado para atender o aumento da demanda decorrente das festas de final de ano, n\u00e3o funcionando apenas no dia 31.<\/p>\n<p>J\u00e1 a feira livre que \u00e9 realizada \u00e0s quartas-feiras no Mirante (rua Serra de Pacatuba), que cai no dia 1\u00b0 ser\u00e1 realizada no dia 31.<\/p>\n","protected":false},"excerpt":{"rendered":"<p>A Prefeitura de Aruj\u00e1 e outros departamentos da Administra\u00e7\u00e3o Municipal n\u00e3o ter\u00e3o expediente na ter\u00e7a (31) e na quarta-feira (1\u00b0), durante o feriado de Ano Novo. O trabalho nas reparti\u00e7\u00f5es p\u00fablicas voltar\u00e1 ao normal na quinta-feira (02), logo pela manh\u00e3, lembrando ainda que, no dia 1\u00b0, a popula\u00e7\u00e3o poder\u00e1 prestigiar a posse dos candidatos eleitos, [&hellip;]<\/p>\n","protected":false},"author":1,"featured_media":22499,"comment_status":"open","ping_status":"open","sticky":false,"template":"","format":"standard","meta":{"footnotes":""},"categories":[4,48,47],"tags":[],"class_list":{"0":"post-22633","1":"post","2":"type-post","3":"status-publish","4":"format-standard","5":"has-post-thumbnail","7":"category-aruja","8":"category-geral","9":"category-turismo"},"_links":{"self":[{"href":"https:\/\/jm-metropole.com.br\/site\/wp-json\/wp\/v2\/posts\/22633","targetHints":{"allow":["GET"]}}],"collection":[{"href":"https:\/\/jm-metropole.com.br\/site\/wp-json\/wp\/v2\/posts"}],"about":[{"href":"https:\/\/jm-metropole.com.br\/site\/wp-json\/wp\/v2\/types\/post"}],"author":[{"embeddable":true,"href":"https:\/\/jm-metropole.com.br\/site\/wp-json\/wp\/v2\/users\/1"}],"replies":[{"embeddable":true,"href":"https:\/\/jm-metropole.com.br\/site\/wp-json\/wp\/v2\/comments?post=22633"}],"version-history":[{"count":1,"href":"https:\/\/jm-metropole.com.br\/site\/wp-json\/wp\/v2\/posts\/22633\/revisions"}],"predecessor-version":[{"id":22634,"href":"https:\/\/jm-metropole.com.br\/site\/wp-json\/wp\/v2\/posts\/22633\/revisions\/22634"}],"wp:featuredmedia":[{"embeddable":true,"href":"https:\/\/jm-metropole.com.br\/site\/wp-json\/wp\/v2\/media\/22499"}],"wp:attachment":[{"href":"https:\/\/jm-metropole.com.br\/site\/wp-json\/wp\/v2\/media?parent=22633"}],"wp:term":[{"taxonomy":"category","embeddable":true,"href":"https:\/\/jm-metropole.com.br\/site\/wp-json\/wp\/v2\/categories?post=22633"},{"taxonomy":"post_tag","embeddable":true,"href":"https:\/\/jm-metropole.com.br\/site\/wp-json\/wp\/v2\/tags?post=22633"}],"curies":[{"name":"wp","href":"https:\/\/api.w.org\/{rel}","templated":true}]}}