{"id":22630,"date":"2024-12-30T10:43:58","date_gmt":"2024-12-30T13:43:58","guid":{"rendered":"https:\/\/jm-metropole.com.br\/site\/?p=22630"},"modified":"2024-12-30T10:43:58","modified_gmt":"2024-12-30T13:43:58","slug":"mara-bertaiolli-anuncia-chavedar-para-a-secretaria-de-urbanismo-e-sadao-sakai-para-o-desenvolvimento-economico","status":"publish","type":"post","link":"https:\/\/jm-metropole.com.br\/site\/mara-bertaiolli-anuncia-chavedar-para-a-secretaria-de-urbanismo-e-sadao-sakai-para-o-desenvolvimento-economico\/","title":{"rendered":"Mara Bertaiolli anuncia Chavedar para a Secretaria de Urbanismo e Sadao Sakai para o Desenvolvimento Econ\u00f4mico"},"content":{"rendered":"<p>Decis\u00e3o contou com a participa\u00e7\u00e3o do vice-prefeito eleito T\u00e9o Cusatis; novos secret\u00e1rios ser\u00e3o definidos nesta segunda-feira (30\/12)<\/p>\n<p>&nbsp;<\/p>\n<p>Mais dois nomes foram anunciados pela prefeita eleita de Mogi das Cruzes, Mara Bertaiolli, e pelo vice T\u00e9o Cusatis: o arquiteto e urbanista Jo\u00e3o Francisco Chavedar voltar\u00e1 a ocupar a Secretaria Municipal de Urbanismo. J\u00e1 o ex-vereador e contador Sadao Sakai comandar\u00e1 a Secretaria Municipal de Desenvolvimento Econ\u00f4mico. Novos secret\u00e1rios municipais ser\u00e3o anunciados nesta segunda-feira (30\/12).<\/p>\n<p>Formado em Arquitetura e Urbanismo pela Universidade Braz Cubas, Chavedar \u00e9 p\u00f3s-graduado e mestre em Habita\u00e7\u00e3o, \u00c1rea de Concentra\u00e7\u00e3o, Planejamento, Gest\u00e3o e Projeto, pelo Instituto de Pesquisas Tecnol\u00f3gicas do Estado de S\u00e3o Paulo.<\/p>\n<p>Ele retorna para a administra\u00e7\u00e3o mogiana ap\u00f3s oito anos. No per\u00edodo de 2005 a 2016, Chavedar comandou a Secretaria Municipal de Planejamento e Urbanismo e, posteriormente, Gest\u00e3o Municipal.<\/p>\n<p>\u201cO Jo\u00e3o Chavedar conhece a nossa cidade e os desafios como poucos. J\u00e1 realizou um excelente trabalho \u00e0 frente da Secretaria de Planejamento e retorna em nossa gest\u00e3o para nos ajudar a reconstruir Mogi das Cruzes\u201d, anuncia a prefeita eleita.<\/p>\n<p>Chavedar tamb\u00e9m \u00e9 especialista em Gerenciamento de Empreendimentos de Constru\u00e7\u00e3o Civil pela Escola de Administra\u00e7\u00e3o de Empresas de S\u00e3o Paulo e especialista em Ger\u00eancia de Cidades pela FAAP. Foi arquiteto da Secretaria de Obras e Saneamento do Estado de S\u00e3o Paulo e gerente de Divis\u00e3o de Arquitetura da Secretaria de Obras e Recursos H\u00eddricos do Estado.<\/p>\n<p>\u201cEle tem uma vasta experi\u00eancia na \u00e1rea e trabalhar\u00e1 na solu\u00e7\u00e3o de problemas urban\u00edsticos que Mogi enfrenta. Estamos montando um time forte para administrar a cidade a partir do pr\u00f3ximo ano\u201d, refor\u00e7ou T\u00e9o Cusatis.<\/p>\n<p>&nbsp;<\/p>\n<p><strong>Desenvolvimento<\/strong><\/p>\n<p>Formado em Ci\u00eancias Cont\u00e1beis, Sadao Sakai foi vereador de Mogi das Cruzes por tr\u00eas mandatos e j\u00e1 atuou como secret\u00e1rio de Desenvolvimento Econ\u00f4mico e Social na Prefeitura de Mogi.<\/p>\n<p>Mais recentemente esteve em Suzano, como controlador Geral do munic\u00edpio, interventor da Santa Casa de Miseric\u00f3rdia e secret\u00e1rio municipal do Meio Ambiente.<\/p>\n<p>\u201cO Sadao aceitou nosso convite e trabalhar\u00e1 muito para a integra\u00e7\u00e3o do comerciante, empres\u00e1rio, investidor, profissionais liberais e de todos os mogianos que queiram empreender, gerar emprego e renda na nossa cidade\u201d, apontou o vice-prefeito.<\/p>\n","protected":false},"excerpt":{"rendered":"<p>Decis\u00e3o contou com a participa\u00e7\u00e3o do vice-prefeito eleito T\u00e9o Cusatis; novos secret\u00e1rios ser\u00e3o definidos nesta segunda-feira (30\/12) &nbsp; Mais dois nomes foram anunciados pela prefeita eleita de Mogi das Cruzes, Mara Bertaiolli, e pelo vice T\u00e9o Cusatis: o arquiteto e urbanista Jo\u00e3o Francisco Chavedar voltar\u00e1 a ocupar a Secretaria Municipal de Urbanismo. J\u00e1 o ex-vereador [&hellip;]<\/p>\n","protected":false},"author":1,"featured_media":22631,"comment_status":"open","ping_status":"open","sticky":false,"template":"","format":"standard","meta":{"footnotes":""},"categories":[10],"tags":[],"class_list":{"0":"post-22630","1":"post","2":"type-post","3":"status-publish","4":"format-standard","5":"has-post-thumbnail","7":"category-mogi-das-cruzes"},"_links":{"self":[{"href":"https:\/\/jm-metropole.com.br\/site\/wp-json\/wp\/v2\/posts\/22630","targetHints":{"allow":["GET"]}}],"collection":[{"href":"https:\/\/jm-metropole.com.br\/site\/wp-json\/wp\/v2\/posts"}],"about":[{"href":"https:\/\/jm-metropole.com.br\/site\/wp-json\/wp\/v2\/types\/post"}],"author":[{"embeddable":true,"href":"https:\/\/jm-metropole.com.br\/site\/wp-json\/wp\/v2\/users\/1"}],"replies":[{"embeddable":true,"href":"https:\/\/jm-metropole.com.br\/site\/wp-json\/wp\/v2\/comments?post=22630"}],"version-history":[{"count":1,"href":"https:\/\/jm-metropole.com.br\/site\/wp-json\/wp\/v2\/posts\/22630\/revisions"}],"predecessor-version":[{"id":22632,"href":"https:\/\/jm-metropole.com.br\/site\/wp-json\/wp\/v2\/posts\/22630\/revisions\/22632"}],"wp:featuredmedia":[{"embeddable":true,"href":"https:\/\/jm-metropole.com.br\/site\/wp-json\/wp\/v2\/media\/22631"}],"wp:attachment":[{"href":"https:\/\/jm-metropole.com.br\/site\/wp-json\/wp\/v2\/media?parent=22630"}],"wp:term":[{"taxonomy":"category","embeddable":true,"href":"https:\/\/jm-metropole.com.br\/site\/wp-json\/wp\/v2\/categories?post=22630"},{"taxonomy":"post_tag","embeddable":true,"href":"https:\/\/jm-metropole.com.br\/site\/wp-json\/wp\/v2\/tags?post=22630"}],"curies":[{"name":"wp","href":"https:\/\/api.w.org\/{rel}","templated":true}]}}