{"id":22621,"date":"2024-12-27T13:23:38","date_gmt":"2024-12-27T16:23:38","guid":{"rendered":"https:\/\/jm-metropole.com.br\/site\/?p=22621"},"modified":"2024-12-27T13:23:38","modified_gmt":"2024-12-27T16:23:38","slug":"gcm-de-suzano-atua-em-nove-ocorrencias-nos-ultimos-dias","status":"publish","type":"post","link":"https:\/\/jm-metropole.com.br\/site\/gcm-de-suzano-atua-em-nove-ocorrencias-nos-ultimos-dias\/","title":{"rendered":"GCM de Suzano atua em nove ocorr\u00eancias nos \u00faltimos dias"},"content":{"rendered":"<p>Casos foram registrados pelas equipes da Ronda Ostensiva com Motocicleta (Romo), Ronda Ostensiva Municipal (Romu), For\u00e7a Patrulha e do Grupamento de Prote\u00e7\u00e3o Ambiental (GPA)<\/p>\n<p>Equipes da Guarda Civil Municipal (GCM) de Suzano atenderam nove ocorr\u00eancias entre os dias 15 e 25 de dezembro (domingo e quarta-feira), que resultaram na pris\u00e3o de um homem por recepta\u00e7\u00e3o e corrup\u00e7\u00e3o de menores, na deten\u00e7\u00e3o de tr\u00eas indiv\u00edduos por picha\u00e7\u00e3o e na pris\u00e3o de um motorista por embriaguez ao volante. Al\u00e9m disso, a GCM atuou para reprimir um \u201cpancad\u00e3o\u201d, localizou quatro motocicletas roubadas e recolheu dois ve\u00edculos em situa\u00e7\u00e3o irregular. Todos os casos foram encaminhados \u00e0 Delegacia de Pol\u00edcia Central.<\/p>\n<p>A primeira a\u00e7\u00e3o ocorreu por volta das 16h30 quando agentes da Ronda Ostensiva com Motocicleta (Romo) trafegavam pela rua Cacique, no bairro Jardim Luella, e observaram um motociclista acompanhado por um passageiro conduzindo uma Yamaha Fazer azul e usando chinelos, pr\u00e1tica proibida pelo C\u00f3digo de Tr\u00e2nsito Brasileiro (CTB). Durante a abordagem, foi constatado que o homem n\u00e3o possu\u00eda carteira de habilita\u00e7\u00e3o e, ao verificarem o emplacamento do ve\u00edculo, identificaram que a moto possu\u00eda queixa de roubo.<\/p>\n<p>Questionados, o condutor e o garupa, que \u00e9 menor de idade, admitiram estar cientes de que o ve\u00edculo era produto de roubo. Diante dos fatos, ambos foram encaminhados, juntamente com a motocicleta, \u00e0 delegacia, onde o condutor foi autuado por recepta\u00e7\u00e3o e corrup\u00e7\u00e3o de menores.<\/p>\n<p>Na quarta-feira (18\/12), agentes da For\u00e7a Patrulha foram acionados via r\u00e1dio ap\u00f3s a Central de Monitoramento Integrado (CSI) identificar tr\u00eas indiv\u00edduos pichando a fachada de um com\u00e9rcio na avenida Ant\u00f4nio Marques Figueira. Os guardas se dirigiram ao local informado e localizaram os suspeitos, que negaram a a\u00e7\u00e3o, embora estivessem em posse de cinco frascos de tinta spray. Com as evid\u00eancias fornecidas pelas imagens do CSI e os materiais encontrados, os indiv\u00edduos foram detidos e encaminhados \u00e0 Pol\u00edcia Civil.<\/p>\n<p>No dia seguinte (19\/12), pouco antes das 20 horas, equipes da Ronda Ostensiva Municipal (Romu) realizavam patrulhamento na estrada do Marengo, na regi\u00e3o da Cidade Miguel Badra, quando se depararam com um acidente de tr\u00e2nsito envolvendo um Chevrolet Sonic e um Fiat Argo. O choque havia ocorrido momentos antes.<\/p>\n<p>Ao abordar a situa\u00e7\u00e3o, os agentes conversaram com a v\u00edtima, propriet\u00e1ria do Argo, que relatou que o condutor do outro ve\u00edculo havia fugido do local ap\u00f3s a colis\u00e3o. Com base nas informa\u00e7\u00f5es fornecidas, a equipe da Romu iniciou buscas e conseguiu localizar o acusado em um posto de combust\u00edveis nas proximidades. A equipe percebeu que ele apresentava sinais claros de embriaguez e, durante a abordagem, demonstrou comportamento agressivo e chegou a chutar a viatura da corpora\u00e7\u00e3o. A Pol\u00edcia Rodovi\u00e1ria foi acionada e compareceu ao local para realizar o teste do etil\u00f4metro, mas o motorista se recusou a realiz\u00e1-lo.<\/p>\n<p>Diante disso, ele foi encaminhado ao Pronto-Socorro (PS) do Hospital e Maternidade de Suzano (HMS) para a coleta de exame de sangue. A v\u00edtima, junto com sua filha, tamb\u00e9m foi encaminhada ao mesmo hospital, onde recebeu atendimento m\u00e9dico. Posteriormente, o homem foi preso por embriaguez ao volante.<\/p>\n<p>J\u00e1 na segunda-feira (23\/12), guardas da Romu foram informados por mun\u00edcipes que viram um homem conduzindo uma motocicleta \u00e0s 20h30 em dire\u00e7\u00e3o a uma \u00e1rea de mata acess\u00edvel pela avenida Padre Eust\u00e1quio, no Cidade Miguel Badra. A equipe foi at\u00e9 o local, entrou por uma trilha na vegeta\u00e7\u00e3o e encontrou duas motocicletas Honda CB, uma preta e outra vermelha, que, ap\u00f3s pesquisa, foram confirmadas como produtos de roubo. Os ve\u00edculos foram retirados e encaminhados \u00e0 Pol\u00edcia Civil.<\/p>\n<p>Um dia depois (24\/12), equipes da Romu promoviam uma ronda na regi\u00e3o do Jardim Colorado e avistaram, na rua Jeca Tatu, um indiv\u00edduo conduzindo uma Honda Fan, prata, sem os retrovisores. Foi realizado abordagem por volta das 23 horas e constatado que, al\u00e9m do ve\u00edculo em condi\u00e7\u00f5es irregulares, o condutor n\u00e3o possu\u00eda carteira de habilita\u00e7\u00e3o. Devido a infra\u00e7\u00e3o, a moto foi recolhida ao p\u00e1tio municipal.<\/p>\n<p>Ap\u00f3s o atendimento do caso anterior, a GCM retornou ao mesmo endere\u00e7o, mas desta vez para conter um \u201cpancad\u00e3o\u201d que estava acontecendo na via. Ao chegarem no local, pouco depois da 1 hora, as equipes constataram a presen\u00e7a de cerca de 200 pessoas e 30 ve\u00edculos, o que estava provocando um tumulto e comprometendo o fluxo do tr\u00e2nsito na \u00e1rea. Diante da situa\u00e7\u00e3o, foi solicitado o apoio da Romo, que se deslocou at\u00e9 o ponto de conflito.<\/p>\n<p>As equipes, ent\u00e3o, realizaram uma s\u00e9rie de a\u00e7\u00f5es para dispersar a aglomera\u00e7\u00e3o. No entanto, os participantes do evento reagiram de forma agressiva, disparando pedras, garrafas e at\u00e9 fogos de artif\u00edcio contra os agentes, que precisaram adotar medidas mais intensas para garantir a seguran\u00e7a. Ap\u00f3s algum tempo, a ordem foi restabelecida permitindo o retorno do fluxo normal de ve\u00edculos e pedestres, al\u00e9m do sossego aos moradores<\/p>\n<p>Ainda no mesmo endere\u00e7o, por volta das 4 horas, a Romu retornou para verificar se a multid\u00e3o havia se dispersado. Durante a ronda, os guardas avistaram uma motocicleta Honda Twister, de cor cinza, estacionada no meio da via. Ao consultar a placa da moto, foi confirmado que ela havia sido roubada. A motocicleta foi recolhida e encaminhada \u00e0 Delegacia Central.<\/p>\n<p>No feriado de Natal, o primeiro atendimento ocorreu por volta de 12h30, quando os agentes do Grupamento de Prote\u00e7\u00e3o Ambiental (GPA) realizavam uma ronda na estrada Jos\u00e9 da Concei\u00e7\u00e3o, na altura do bairro Rio Abaixo, e notaram marcas de pneus em uma \u00e1rea de mata \u00e0s margens da via. Ao fazerem uma busca no local, avistaram dois homens pilotando motos sem capacetes e sem placas. Quando perceberam a presen\u00e7a dos guardas, os suspeitos abandonaram os ve\u00edculos e fugiram a p\u00e9. Devido ao dif\u00edcil acesso ao local, n\u00e3o foi poss\u00edvel localizar os fugitivos.<\/p>\n<p>Ap\u00f3s consulta pelo chassi dos ve\u00edculos, foi poss\u00edvel identificar que uma das motos, uma Dafra NH, cinza, tinha queixa de roubo. A outra moto, uma Honda Fan, preta, n\u00e3o possu\u00eda registros, mas por ter sido abandonada, a equipe recolheu ambas e as encaminhou para a delegacia.<\/p>\n<p>Por fim, ainda no mesmo dia, \u00e0s 18 horas, os agentes da Romo estavam em patrulhamento pela rua Assembleias de Deus, no Jardim Colorado, quando avistaram um homem realizando manobras perigosas com uma Honda Start, vermelha. Foi feito o sinal de parada, mas o motociclista ignorou, sendo seguido pelos agentes. Ap\u00f3s a abordagem, o homem foi autuado pelas infra\u00e7\u00f5es cometidas e teve seu ve\u00edculo recolhido ao p\u00e1tio devido \u00e0 falta de retrovisores e outras infra\u00e7\u00f5es identificadas no momento da fiscaliza\u00e7\u00e3o.<\/p>\n<p>Para o secret\u00e1rio municipal de Seguran\u00e7a Cidad\u00e3, Afr\u00e2nio Evaristo da Silva, a alta demanda de casos registrados neste per\u00edodo de fim de ano pode ser um reflexo das festividades e do aumento de movimenta\u00e7\u00e3o nas ruas. \u201cAs festas de Natal e Ano-Novo, que atraem um grande n\u00famero de pessoas para as ruas, podem fomentar tanto o aumento de a\u00e7\u00f5es irregulares, que exigem uma atua\u00e7\u00e3o r\u00e1pida das for\u00e7as de seguran\u00e7a. Mesmo com a maior demanda, a GCM tem se mostrado preparada para enfrentar esses desafios, gra\u00e7as ao treinamento cont\u00ednuo e \u00e0 organiza\u00e7\u00e3o das equipes, que est\u00e1 sempre em alerta, com todas as suas for\u00e7as mobilizadas para prevenir crimes, coibir aglomera\u00e7\u00f5es irregulares e atuar em situa\u00e7\u00f5es de risco\u201d, afirmou.<\/p>\n<p>Cr\u00e9dito das fotos: Divulga\u00e7\u00e3o\/Secop Suzano<\/p>\n","protected":false},"excerpt":{"rendered":"<p>Casos foram registrados pelas equipes da Ronda Ostensiva com Motocicleta (Romo), Ronda Ostensiva Municipal (Romu), For\u00e7a Patrulha e do Grupamento de Prote\u00e7\u00e3o Ambiental (GPA) Equipes da Guarda Civil Municipal (GCM) de Suzano atenderam nove ocorr\u00eancias entre os dias 15 e 25 de dezembro (domingo e quarta-feira), que resultaram na pris\u00e3o de um homem por recepta\u00e7\u00e3o [&hellip;]<\/p>\n","protected":false},"author":1,"featured_media":22622,"comment_status":"open","ping_status":"open","sticky":false,"template":"","format":"standard","meta":{"footnotes":""},"categories":[9],"tags":[],"class_list":{"0":"post-22621","1":"post","2":"type-post","3":"status-publish","4":"format-standard","5":"has-post-thumbnail","7":"category-suzano"},"_links":{"self":[{"href":"https:\/\/jm-metropole.com.br\/site\/wp-json\/wp\/v2\/posts\/22621","targetHints":{"allow":["GET"]}}],"collection":[{"href":"https:\/\/jm-metropole.com.br\/site\/wp-json\/wp\/v2\/posts"}],"about":[{"href":"https:\/\/jm-metropole.com.br\/site\/wp-json\/wp\/v2\/types\/post"}],"author":[{"embeddable":true,"href":"https:\/\/jm-metropole.com.br\/site\/wp-json\/wp\/v2\/users\/1"}],"replies":[{"embeddable":true,"href":"https:\/\/jm-metropole.com.br\/site\/wp-json\/wp\/v2\/comments?post=22621"}],"version-history":[{"count":1,"href":"https:\/\/jm-metropole.com.br\/site\/wp-json\/wp\/v2\/posts\/22621\/revisions"}],"predecessor-version":[{"id":22623,"href":"https:\/\/jm-metropole.com.br\/site\/wp-json\/wp\/v2\/posts\/22621\/revisions\/22623"}],"wp:featuredmedia":[{"embeddable":true,"href":"https:\/\/jm-metropole.com.br\/site\/wp-json\/wp\/v2\/media\/22622"}],"wp:attachment":[{"href":"https:\/\/jm-metropole.com.br\/site\/wp-json\/wp\/v2\/media?parent=22621"}],"wp:term":[{"taxonomy":"category","embeddable":true,"href":"https:\/\/jm-metropole.com.br\/site\/wp-json\/wp\/v2\/categories?post=22621"},{"taxonomy":"post_tag","embeddable":true,"href":"https:\/\/jm-metropole.com.br\/site\/wp-json\/wp\/v2\/tags?post=22621"}],"curies":[{"name":"wp","href":"https:\/\/api.w.org\/{rel}","templated":true}]}}