{"id":22609,"date":"2024-12-27T09:41:36","date_gmt":"2024-12-27T12:41:36","guid":{"rendered":"https:\/\/jm-metropole.com.br\/site\/?p=22609"},"modified":"2024-12-27T09:41:36","modified_gmt":"2024-12-27T12:41:36","slug":"guararema-sem-pagar-traz-gratuidade-total-na-tarifa-do-transporte-publico-municipal-e-diversos-outros-beneficios","status":"publish","type":"post","link":"https:\/\/jm-metropole.com.br\/site\/guararema-sem-pagar-traz-gratuidade-total-na-tarifa-do-transporte-publico-municipal-e-diversos-outros-beneficios\/","title":{"rendered":"Guararema Sem Pagar traz gratuidade total na tarifa do transporte p\u00fablico municipal e diversos outros benef\u00edcios"},"content":{"rendered":"<p>Entre os destaques do programa est\u00e1 a implementa\u00e7\u00e3o de um novo sistema de linhas e hor\u00e1rios j\u00e1 dispon\u00edveis no site sempagar.guararema.sp.gov.br<\/p>\n<p>Al\u00e9m da gratuidade total na tarifa do transporte p\u00fablico municipal, o Guararema Sem Pagar, que ter\u00e1 in\u00edcio no dia 1\u00ba de janeiro de 2025, traz in\u00fameros outros benef\u00edcios. Entre os destaques do programa est\u00e3o a renova\u00e7\u00e3o da frota de \u00f4nibus e tamb\u00e9m a implementa\u00e7\u00e3o de um novo sistema de linhas e hor\u00e1rios pensados para agilizar as viagens dos moradores.<\/p>\n<p>Dos 21 novos \u00f4nibus que comp\u00f5em a frota de 38 ve\u00edculos que passam a circular pelos bairros, seis estar\u00e3o expostos, no pr\u00f3prio dia 1\u00ba de janeiro, na rua Maria Apparecida Freire Martins (novo vi\u00e1rio que conecta o Nogueira ao Centro), das 10 \u00e0s 14 horas. E j\u00e1 neste pr\u00f3prio dia ser\u00e1 poss\u00edvel utilizar o transporte p\u00fablico de gra\u00e7a em Guararema, aproveitando as vantagens do novo sistema, que traz um novo conceito para a mobilidade urbana da cidade.<\/p>\n<p>Al\u00e9m das linhas convencionais, que circulam dentro dos bairros, h\u00e1 tamb\u00e9m linhas-tronco que fazem liga\u00e7\u00f5es direta entre terminais. Por exemplo: a linha T001, que sai do Terminal Rodovi\u00e1rio \u201cEduardo Ramires\u201d, no bairro Ipiranga, vai at\u00e9 o Terminal Rodovi\u00e1rio da UBS Lambari. E a partir deste \u00faltimo ponto os moradores podem embarcar em \u00f4nibus que entram nas ruas do Lambari, Parate\u00ed, Guanabara, Fukushima e demais bairros da regi\u00e3o Norte.<\/p>\n<p>\u201cS\u00e3o muitas melhorias e benef\u00edcios para todos. Estamos trabalhando para que os moradores tenham mais velocidade, conforto e seguran\u00e7a no transporte p\u00fablico municipal. \u00c9 por isso que a passagem ser\u00e1 de gra\u00e7a, que criamos novos itiner\u00e1rios e que estamos instalando novos terminais provis\u00f3rios nas regi\u00f5es Norte e Sul\u201d, resume o prefeito de Guararema, o Z\u00e9.<\/p>\n<p>Todas as linhas e hor\u00e1rios est\u00e3o dispon\u00edveis em sempagar.guararema.sp.gov.br. Informa\u00e7\u00f5es tamb\u00e9m podem ser obtidas pelo WhatsApp da empresa respons\u00e1vel, ATT Transportes &#8211; (11) 95071-5213 e junto ao Departamento de Tr\u00e2nsito da Prefeitura de Guararema, que atende pelo telefone (11) 4693-7415 das 8 \u00e0s 12 horas e das 13 \u00e0s 17 horas de segunda a sexta-feira.<\/p>\n","protected":false},"excerpt":{"rendered":"<p>Entre os destaques do programa est\u00e1 a implementa\u00e7\u00e3o de um novo sistema de linhas e hor\u00e1rios j\u00e1 dispon\u00edveis no site sempagar.guararema.sp.gov.br Al\u00e9m da gratuidade total na tarifa do transporte p\u00fablico municipal, o Guararema Sem Pagar, que ter\u00e1 in\u00edcio no dia 1\u00ba de janeiro de 2025, traz in\u00fameros outros benef\u00edcios. Entre os destaques do programa est\u00e3o [&hellip;]<\/p>\n","protected":false},"author":1,"featured_media":22610,"comment_status":"open","ping_status":"open","sticky":false,"template":"","format":"standard","meta":{"footnotes":""},"categories":[8],"tags":[],"class_list":{"0":"post-22609","1":"post","2":"type-post","3":"status-publish","4":"format-standard","5":"has-post-thumbnail","7":"category-guararema"},"_links":{"self":[{"href":"https:\/\/jm-metropole.com.br\/site\/wp-json\/wp\/v2\/posts\/22609","targetHints":{"allow":["GET"]}}],"collection":[{"href":"https:\/\/jm-metropole.com.br\/site\/wp-json\/wp\/v2\/posts"}],"about":[{"href":"https:\/\/jm-metropole.com.br\/site\/wp-json\/wp\/v2\/types\/post"}],"author":[{"embeddable":true,"href":"https:\/\/jm-metropole.com.br\/site\/wp-json\/wp\/v2\/users\/1"}],"replies":[{"embeddable":true,"href":"https:\/\/jm-metropole.com.br\/site\/wp-json\/wp\/v2\/comments?post=22609"}],"version-history":[{"count":1,"href":"https:\/\/jm-metropole.com.br\/site\/wp-json\/wp\/v2\/posts\/22609\/revisions"}],"predecessor-version":[{"id":22611,"href":"https:\/\/jm-metropole.com.br\/site\/wp-json\/wp\/v2\/posts\/22609\/revisions\/22611"}],"wp:featuredmedia":[{"embeddable":true,"href":"https:\/\/jm-metropole.com.br\/site\/wp-json\/wp\/v2\/media\/22610"}],"wp:attachment":[{"href":"https:\/\/jm-metropole.com.br\/site\/wp-json\/wp\/v2\/media?parent=22609"}],"wp:term":[{"taxonomy":"category","embeddable":true,"href":"https:\/\/jm-metropole.com.br\/site\/wp-json\/wp\/v2\/categories?post=22609"},{"taxonomy":"post_tag","embeddable":true,"href":"https:\/\/jm-metropole.com.br\/site\/wp-json\/wp\/v2\/tags?post=22609"}],"curies":[{"name":"wp","href":"https:\/\/api.w.org\/{rel}","templated":true}]}}