{"id":22549,"date":"2024-12-23T16:30:52","date_gmt":"2024-12-23T19:30:52","guid":{"rendered":"https:\/\/jm-metropole.com.br\/site\/?p=22549"},"modified":"2024-12-23T16:30:52","modified_gmt":"2024-12-23T19:30:52","slug":"confraternizacao-de-fim-de-ano-reune-220-bolsistas-do-programa-frente-de-trabalho","status":"publish","type":"post","link":"https:\/\/jm-metropole.com.br\/site\/confraternizacao-de-fim-de-ano-reune-220-bolsistas-do-programa-frente-de-trabalho\/","title":{"rendered":"CONFRATERNIZA\u00c7\u00c3O DE FIM DE ANO RE\u00daNE 220 BOLSISTAS DO PROGRAMA \u2018FRENTE DE TRABALHO\u2019"},"content":{"rendered":"<p>No \u00faltimo s\u00e1bado (21), a Prefeitura de Aruj\u00e1, por meio da Secretaria Municipal de Assist\u00eancia Social, realizou no Clube Uni\u00e3o a confraterniza\u00e7\u00e3o de fim de ano do Programa \u201cFrente de Trabalho\u201d, reunindo cerca de 220 bolsistas e seus familiares em uma tarde repleta de celebra\u00e7\u00e3o. O encontro contou com momentos de confraterniza\u00e7\u00e3o, refei\u00e7\u00f5es compartilhadas, m\u00fasica ao vivo e uma especial decora\u00e7\u00e3o de natal. O evento teve como objetivo comemorar e reconhecer o trabalho realizado ao longo do ano pelas bolsistas, que desempenham atividades essenciais em diversos \u00f3rg\u00e3os da Prefeitura de Aruj\u00e1.<\/p>\n<p>A celebra\u00e7\u00e3o contou com a presen\u00e7a de Marina Bernardo e Juliana Daniel, secret\u00e1ria e secret\u00e1ria-adjunta de Assist\u00eancia Social, al\u00e9m das coordenadoras do programa, Fernanda Ara\u00fajo e Elizabeth Aparecida, que ao longo do evento, dirigiram palavras de agradecimento \u00e0s bolsistas, destacando sua dedica\u00e7\u00e3o e desempenho ao longo do ano. A a\u00e7\u00e3o contou ainda com o apoio de Cezar Nascimento, representando a Associa\u00e7\u00e3o Comercial e Empresarial (ACEA) de Aruj\u00e1.<\/p>\n<p>Programa Emergencial &#8220;Aux\u00edlio ao Desemprego&#8221; (Lei Municipal 1835\/2005), conhecido como \u201cFrente de Trabalho\u201d, tem como objetivo integrar pessoas acompanhadas pela Secretaria Municipal de Assist\u00eancia Social em atividades desenvolvidas em \u00f3rg\u00e3os p\u00fablicos, direta ou indiretamente. Al\u00e9m de colaborar para o funcionamento de servi\u00e7os municipais, o programa promove capacita\u00e7\u00e3o ocupacional e cidadania, contribuindo para o desenvolvimento social e econ\u00f4mico da cidade.<\/p>\n<p>As inscri\u00e7\u00f5es para o programa s\u00e3o divulgadas por meio de editais e realizadas nas unidades do Centro de Refer\u00eancia de Assist\u00eancia Social (CRAS) de Aruj\u00e1. O \u00faltimo edital foi lan\u00e7ado em mar\u00e7o deste ano, permitindo a ades\u00e3o de novos participantes que passaram a integrar as atividades.<\/p>\n","protected":false},"excerpt":{"rendered":"<p>No \u00faltimo s\u00e1bado (21), a Prefeitura de Aruj\u00e1, por meio da Secretaria Municipal de Assist\u00eancia Social, realizou no Clube Uni\u00e3o a confraterniza\u00e7\u00e3o de fim de ano do Programa \u201cFrente de Trabalho\u201d, reunindo cerca de 220 bolsistas e seus familiares em uma tarde repleta de celebra\u00e7\u00e3o. O encontro contou com momentos de confraterniza\u00e7\u00e3o, refei\u00e7\u00f5es compartilhadas, m\u00fasica [&hellip;]<\/p>\n","protected":false},"author":1,"featured_media":22550,"comment_status":"open","ping_status":"open","sticky":false,"template":"","format":"standard","meta":{"footnotes":""},"categories":[4,48,47],"tags":[],"class_list":{"0":"post-22549","1":"post","2":"type-post","3":"status-publish","4":"format-standard","5":"has-post-thumbnail","7":"category-aruja","8":"category-geral","9":"category-turismo"},"_links":{"self":[{"href":"https:\/\/jm-metropole.com.br\/site\/wp-json\/wp\/v2\/posts\/22549","targetHints":{"allow":["GET"]}}],"collection":[{"href":"https:\/\/jm-metropole.com.br\/site\/wp-json\/wp\/v2\/posts"}],"about":[{"href":"https:\/\/jm-metropole.com.br\/site\/wp-json\/wp\/v2\/types\/post"}],"author":[{"embeddable":true,"href":"https:\/\/jm-metropole.com.br\/site\/wp-json\/wp\/v2\/users\/1"}],"replies":[{"embeddable":true,"href":"https:\/\/jm-metropole.com.br\/site\/wp-json\/wp\/v2\/comments?post=22549"}],"version-history":[{"count":1,"href":"https:\/\/jm-metropole.com.br\/site\/wp-json\/wp\/v2\/posts\/22549\/revisions"}],"predecessor-version":[{"id":22551,"href":"https:\/\/jm-metropole.com.br\/site\/wp-json\/wp\/v2\/posts\/22549\/revisions\/22551"}],"wp:featuredmedia":[{"embeddable":true,"href":"https:\/\/jm-metropole.com.br\/site\/wp-json\/wp\/v2\/media\/22550"}],"wp:attachment":[{"href":"https:\/\/jm-metropole.com.br\/site\/wp-json\/wp\/v2\/media?parent=22549"}],"wp:term":[{"taxonomy":"category","embeddable":true,"href":"https:\/\/jm-metropole.com.br\/site\/wp-json\/wp\/v2\/categories?post=22549"},{"taxonomy":"post_tag","embeddable":true,"href":"https:\/\/jm-metropole.com.br\/site\/wp-json\/wp\/v2\/tags?post=22549"}],"curies":[{"name":"wp","href":"https:\/\/api.w.org\/{rel}","templated":true}]}}