{"id":22546,"date":"2024-12-23T16:29:28","date_gmt":"2024-12-23T19:29:28","guid":{"rendered":"https:\/\/jm-metropole.com.br\/site\/?p=22546"},"modified":"2024-12-23T16:29:28","modified_gmt":"2024-12-23T19:29:28","slug":"confira-os-horarios-de-funcionamento-dos-servicos-socioassistenciais-de-aruja-durante-o-fim-de-ano","status":"publish","type":"post","link":"https:\/\/jm-metropole.com.br\/site\/confira-os-horarios-de-funcionamento-dos-servicos-socioassistenciais-de-aruja-durante-o-fim-de-ano\/","title":{"rendered":"CONFIRA OS HOR\u00c1RIOS DE FUNCIONAMENTO DOS SERVI\u00c7OS SOCIOASSISTENCIAIS DE ARUJ\u00c1 DURANTE O FIM DE ANO"},"content":{"rendered":"<p>A Prefeitura de Aruj\u00e1 informa que os servi\u00e7os socioassistenciais municipais ter\u00e3o altera\u00e7\u00f5es no funcionamento devido \u00e0s festividades de fim de ano. Nos dias 24, 25, 31 de dezembro e 1\u00ba de janeiro, o Cad\u00danico &#8211; Cadastro \u00danico de Aruj\u00e1, os Centros de Refer\u00eancia de Assist\u00eancia Social (CRAS), o Centro de Refer\u00eancia Especializado de Assist\u00eancia Social (CREAS) e a Secretaria Municipal de Assist\u00eancia Social n\u00e3o realizar\u00e3o atendimentos.<\/p>\n<p>Nos demais dias \u00fateis, o atendimento ao p\u00fablico ser\u00e1 mantido em hor\u00e1rio regular. A medida visa adequar o funcionamento \u00e0s celebra\u00e7\u00f5es de Natal e Ano Novo.<br \/>\nPara informa\u00e7\u00f5es complementares, os contatos das unidades est\u00e3o dispon\u00edveis abaixo:<\/p>\n<p>Cad\u00danico Aruj\u00e1<br \/>\nContato: 4653-3674<br \/>\nEndere\u00e7o: R. Maranh\u00e3o, 45 &#8211; Centro, Aruj\u00e1 &#8211; SP, 07402-165<br \/>\nCREAS Aruj\u00e1<br \/>\nContato: 4651-3293<br \/>\nEndere\u00e7o: Rua Ant\u00f4nio Natividade Coutinho, 49 \u2013 Aruj\u00e1 \u2013 SP<br \/>\nCRAS Cerejeiras<br \/>\nContato: 4655-5623<br \/>\nEndere\u00e7o: Rua Sango Matsuzaki, n\u00b0125 \u2013 Jardim Cerejeiras \u2013 Aruj\u00e1 \u2013 SP<br \/>\nCRAS Barreto<br \/>\nContato: 4651-2355<br \/>\nEndere\u00e7o: Av. Armando Col\u00e2ngelo, N\u00b0 1584 Parque Rodrigo Barreto \u2013 Aruj\u00e1 \u2013 SP<br \/>\nCRAS Centro<br \/>\nContato: 4655-2898<br \/>\nEndere\u00e7o: Av. dos Expedicion\u00e1rios, N\u00b0 1816 \u2013 Bairro Barbosa \u2013 Aruj\u00e1 \u2013 SP<br \/>\nSecretaria de Assist\u00eancia Social de Aruj\u00e1<br \/>\nContato: 11 4655-0436\/ 11 4653-3834<br \/>\nEndere\u00e7o: Rua Jos\u00e9 Basilio de Alvarenga, 32 &#8211; SP &#8211; Salas 01 e 02<\/p>\n","protected":false},"excerpt":{"rendered":"<p>A Prefeitura de Aruj\u00e1 informa que os servi\u00e7os socioassistenciais municipais ter\u00e3o altera\u00e7\u00f5es no funcionamento devido \u00e0s festividades de fim de ano. Nos dias 24, 25, 31 de dezembro e 1\u00ba de janeiro, o Cad\u00danico &#8211; Cadastro \u00danico de Aruj\u00e1, os Centros de Refer\u00eancia de Assist\u00eancia Social (CRAS), o Centro de Refer\u00eancia Especializado de Assist\u00eancia Social [&hellip;]<\/p>\n","protected":false},"author":1,"featured_media":22547,"comment_status":"open","ping_status":"open","sticky":false,"template":"","format":"standard","meta":{"footnotes":""},"categories":[4,48,47],"tags":[],"class_list":{"0":"post-22546","1":"post","2":"type-post","3":"status-publish","4":"format-standard","5":"has-post-thumbnail","7":"category-aruja","8":"category-geral","9":"category-turismo"},"_links":{"self":[{"href":"https:\/\/jm-metropole.com.br\/site\/wp-json\/wp\/v2\/posts\/22546","targetHints":{"allow":["GET"]}}],"collection":[{"href":"https:\/\/jm-metropole.com.br\/site\/wp-json\/wp\/v2\/posts"}],"about":[{"href":"https:\/\/jm-metropole.com.br\/site\/wp-json\/wp\/v2\/types\/post"}],"author":[{"embeddable":true,"href":"https:\/\/jm-metropole.com.br\/site\/wp-json\/wp\/v2\/users\/1"}],"replies":[{"embeddable":true,"href":"https:\/\/jm-metropole.com.br\/site\/wp-json\/wp\/v2\/comments?post=22546"}],"version-history":[{"count":1,"href":"https:\/\/jm-metropole.com.br\/site\/wp-json\/wp\/v2\/posts\/22546\/revisions"}],"predecessor-version":[{"id":22548,"href":"https:\/\/jm-metropole.com.br\/site\/wp-json\/wp\/v2\/posts\/22546\/revisions\/22548"}],"wp:featuredmedia":[{"embeddable":true,"href":"https:\/\/jm-metropole.com.br\/site\/wp-json\/wp\/v2\/media\/22547"}],"wp:attachment":[{"href":"https:\/\/jm-metropole.com.br\/site\/wp-json\/wp\/v2\/media?parent=22546"}],"wp:term":[{"taxonomy":"category","embeddable":true,"href":"https:\/\/jm-metropole.com.br\/site\/wp-json\/wp\/v2\/categories?post=22546"},{"taxonomy":"post_tag","embeddable":true,"href":"https:\/\/jm-metropole.com.br\/site\/wp-json\/wp\/v2\/tags?post=22546"}],"curies":[{"name":"wp","href":"https:\/\/api.w.org\/{rel}","templated":true}]}}