{"id":22540,"date":"2024-12-23T10:05:02","date_gmt":"2024-12-23T13:05:02","guid":{"rendered":"https:\/\/jm-metropole.com.br\/site\/?p=22540"},"modified":"2024-12-23T10:05:02","modified_gmt":"2024-12-23T13:05:02","slug":"aster-itaqua-divulga-lista-dos-jogadores-inscritos-na-copinha-2025","status":"publish","type":"post","link":"https:\/\/jm-metropole.com.br\/site\/aster-itaqua-divulga-lista-dos-jogadores-inscritos-na-copinha-2025\/","title":{"rendered":"Aster Itaqu\u00e1 divulga lista dos jogadores inscritos na Copinha 2025"},"content":{"rendered":"<p>Tr\u00eas primeiros jogos do time ser\u00e3o no Campo do Brasil, em Itaqu\u00e1<\/p>\n<p>O Aster Itaqu\u00e1 divulgou a lista de jogadores inscritos na Copinha 2025. O grupo conta com 30 nomes que v\u00e3o competir pelo grupo 28 com os times Dourados-MS, Falcon-SE e Vila Nova-GO. Os tr\u00eas primeiros jogos ser\u00e3o realizados no Campo do Brasil, em Itaqu\u00e1.<\/p>\n<p>Comandado pelo t\u00e9cnico Wendel de Freitas, o Aster estreia nos gramados no dia 4 de janeiro, \u00e0s 13h, contra Dourados-MS, no dia 7, mesmo hor\u00e1rio, enfrenta o Falcon-SE e no dia 10, \u00e0s 15h15, a disputa ser\u00e1 contra o Vila Nova-GO.<\/p>\n<p>Em 2025 ser\u00e1 a segunda participa\u00e7\u00e3o do time na competi\u00e7\u00e3o ap\u00f3s ficar conhecido como a sensa\u00e7\u00e3o da edi\u00e7\u00e3o 2024 por ganhar do Palmeiras e chegar nas quartas de final, perdendo nos p\u00eanaltis para o Flamengo.<\/p>\n<p>\u201cA campanha que o time fez neste ano foi muito bonita. O Aster Itaqu\u00e1 vem forte em 2025 e temos bastante expectativa para mais um momento hist\u00f3rico\u201d, disse o secret\u00e1rio de Esporte e Lazer, Fabiano Novais.<\/p>\n<p>Os goleiros s\u00e3o Henrique Amorim, Breno Torres e Gustavo Coulange. J\u00e1 de zagueiros, foram inscritos Bruno Moreira, Vinicius Cressi, Jo\u00e3o Victor e Gabriel Biro. Os laterais s\u00e3o Gustavo Pacheco, Davi Corsini, Caique Alencar e Jackson Carlos. De volantes, o time ter\u00e1 J\u00falio Cesar, Davi Almeida, Gabriel Fontes e Kau\u00ea Souza.<\/p>\n<p>Os meias s\u00e3o Abner Feij\u00e3o, Gabriel Martins, Lucas Taba, Tiago Barros, Matheus Asseituno e Eduardo Jord\u00e3o. De atacante, teremos Batata, Juliano Bernardes, J\u00falio Chiotti, Italo Valentim, Diego Reis, Ac\u00e1ssio Machado, Kau\u00e3 Piazzi, Kevin Silva e Lucas Santos.<\/p>\n<p>\u201cItaqu\u00e1 n\u00e3o v\u00ea a hora da equipe entrar em campo. A emo\u00e7\u00e3o em ver a popula\u00e7\u00e3o unida e vibrando com o time da cidade n\u00e3o tem pre\u00e7o. Com certeza estarei l\u00e1 mais uma vez vibrando com eles. Vamos, Aster\u201d, completou o prefeito Eduardo Boigues.<\/p>\n<p>Na competi\u00e7\u00e3o h\u00e1 128 equipes divididos em 32 grupos. Os dois melhores de cada grupo avan\u00e7am para as oitavas de final. O est\u00e1dio onde ser\u00e3o realizadas as tr\u00eas primeiras partidas do Aster tem capacidade para 3,8 mil torcedores e fica localizado na rua Goi\u00e1s, 181 \u2013 Morro Branco.<\/p>\n<p>Foto: Dayane Oliveira<\/p>\n","protected":false},"excerpt":{"rendered":"<p>Tr\u00eas primeiros jogos do time ser\u00e3o no Campo do Brasil, em Itaqu\u00e1 O Aster Itaqu\u00e1 divulgou a lista de jogadores inscritos na Copinha 2025. O grupo conta com 30 nomes que v\u00e3o competir pelo grupo 28 com os times Dourados-MS, Falcon-SE e Vila Nova-GO. Os tr\u00eas primeiros jogos ser\u00e3o realizados no Campo do Brasil, em [&hellip;]<\/p>\n","protected":false},"author":1,"featured_media":22541,"comment_status":"open","ping_status":"open","sticky":false,"template":"","format":"standard","meta":{"footnotes":""},"categories":[6],"tags":[],"class_list":{"0":"post-22540","1":"post","2":"type-post","3":"status-publish","4":"format-standard","5":"has-post-thumbnail","7":"category-itaqua"},"_links":{"self":[{"href":"https:\/\/jm-metropole.com.br\/site\/wp-json\/wp\/v2\/posts\/22540","targetHints":{"allow":["GET"]}}],"collection":[{"href":"https:\/\/jm-metropole.com.br\/site\/wp-json\/wp\/v2\/posts"}],"about":[{"href":"https:\/\/jm-metropole.com.br\/site\/wp-json\/wp\/v2\/types\/post"}],"author":[{"embeddable":true,"href":"https:\/\/jm-metropole.com.br\/site\/wp-json\/wp\/v2\/users\/1"}],"replies":[{"embeddable":true,"href":"https:\/\/jm-metropole.com.br\/site\/wp-json\/wp\/v2\/comments?post=22540"}],"version-history":[{"count":1,"href":"https:\/\/jm-metropole.com.br\/site\/wp-json\/wp\/v2\/posts\/22540\/revisions"}],"predecessor-version":[{"id":22542,"href":"https:\/\/jm-metropole.com.br\/site\/wp-json\/wp\/v2\/posts\/22540\/revisions\/22542"}],"wp:featuredmedia":[{"embeddable":true,"href":"https:\/\/jm-metropole.com.br\/site\/wp-json\/wp\/v2\/media\/22541"}],"wp:attachment":[{"href":"https:\/\/jm-metropole.com.br\/site\/wp-json\/wp\/v2\/media?parent=22540"}],"wp:term":[{"taxonomy":"category","embeddable":true,"href":"https:\/\/jm-metropole.com.br\/site\/wp-json\/wp\/v2\/categories?post=22540"},{"taxonomy":"post_tag","embeddable":true,"href":"https:\/\/jm-metropole.com.br\/site\/wp-json\/wp\/v2\/tags?post=22540"}],"curies":[{"name":"wp","href":"https:\/\/api.w.org\/{rel}","templated":true}]}}