{"id":22527,"date":"2024-12-23T09:52:22","date_gmt":"2024-12-23T12:52:22","guid":{"rendered":"https:\/\/jm-metropole.com.br\/site\/?p=22527"},"modified":"2024-12-23T09:52:22","modified_gmt":"2024-12-23T12:52:22","slug":"trio-que-portava-arma-de-pressao-e-detido-no-centro-de-suzano-pela-romu","status":"publish","type":"post","link":"https:\/\/jm-metropole.com.br\/site\/trio-que-portava-arma-de-pressao-e-detido-no-centro-de-suzano-pela-romu\/","title":{"rendered":"Trio que portava arma de press\u00e3o \u00e9 detido no centro de Suzano pela Romu"},"content":{"rendered":"<p>Suspeitos foram abordados na rua 15 de Novembro e teriam informado aos GCMs que planejavam realizar um assalto nas proximidades<\/p>\n<p>Tr\u00eas suspeitos foram detidos pela Guarda Civil Municipal (GCM) de Suzano, na \u00faltima quarta-feira (18\/12), por volta das 22h15, portando uma arma de press\u00e3o. De acordo com os agentes que atenderam o caso, dois deles, menores de idades, haviam informado que planejavam promover um assalto. O caso ocorreu na rua 15 de Novembro e aconteceu no \u00e2mbito da opera\u00e7\u00e3o \u201cNatal Seguro\u201d, sendo atendido pela Ronda Ostensiva Municipal (Romu).<\/p>\n<p>Tudo come\u00e7ou quando a equipe patrulhava o centro da cidade e, ao chegar \u00e0 rua Benjamin Constant, notou tr\u00eas homens pr\u00f3ximos a um com\u00e9rcio. Assim que os indiv\u00edduos perceberam a presen\u00e7a dos guardas, eles mudaram de dire\u00e7\u00e3o e demonstraram nervosismo. Al\u00e9m disso, um deles apresentava um volume suspeito na regi\u00e3o do quadril. Diante da situa\u00e7\u00e3o, os agentes acompanharam o trio at\u00e9 a rua 15 de Novembro, onde realizaram a abordagem.<\/p>\n<p>Na ocasi\u00e3o, foi realizada uma busca pessoal, confirmando que o volume suspeito era, de fato, uma arma de press\u00e3o, e os homens ainda relataram que planejavam cometer um assalto. Al\u00e9m disso, na consulta de dados, foi revelado que os suspeitos menores possu\u00edam passagem por furto e tr\u00e1fico de entorpecentes. Como medida, todos foram encaminhados para a Delegacia de Pol\u00edcia Central, assim como a arma.<\/p>\n<p>Dois dias antes (16\/12), por volta das 22h45, os guardas da Romu trafegavam na regi\u00e3o do bairro Cidade Miguel Badra, em uma rua sem nome, pr\u00f3xima ao numeral 200, quando avistaram um indiv\u00edduo em uma motocicleta Suzuki GSX, de cor azul, cuja a placa constava no sistema como produto de furto.<\/p>\n<p>Foram dados sinais de parada, que o condutor ignorou, o que resultou em um breve acompanhamento pela via. Em seguida, o suspeito abandonou a moto e fugiu a p\u00e9, entrando em uma casa abandonada, n\u00e3o sendo poss\u00edvel localiz\u00e1-lo. Ainda na resid\u00eancia, foi localizado outra moto, uma Honda Fan, preta, tamb\u00e9m com queixa de roubo. Foi solicitado o guincho para recolher os ve\u00edculos.<\/p>\n<p>Para o secret\u00e1rio municipal de Seguran\u00e7a Cidad\u00e3, Afr\u00e2nio Evaristo da Silva, os agentes est\u00e3o totalmente empenhados em promover um per\u00edodo de festas de fim de ano com mais tranquilidade \u00e0 popula\u00e7\u00e3o. \u201cPor meio de patrulhamentos constantes e opera\u00e7\u00f5es estrat\u00e9gicas, como o \u2018Natal Seguro\u2019, a GCM busca n\u00e3o apenas coibir crimes, mas tamb\u00e9m criar um ambiente mais seguro e tranquilo para todos. A opera\u00e7\u00e3o, que visa intensificar a presen\u00e7a policial durante o per\u00edodo festivo, tem como objetivo proteger os cidad\u00e3os e coibir a\u00e7\u00f5es criminosas. A a\u00e7\u00e3o integrada entre as for\u00e7as de seguran\u00e7a tem sido fundamental para o sucesso das a\u00e7\u00f5es e para garantir a sensa\u00e7\u00e3o de seguran\u00e7a no munic\u00edpio\u201d, destacou o chefe da pasta.<\/p>\n<p>Cr\u00e9dito das fotos: Divulga\u00e7\u00e3o\/Secop Suzano<\/p>\n","protected":false},"excerpt":{"rendered":"<p>Suspeitos foram abordados na rua 15 de Novembro e teriam informado aos GCMs que planejavam realizar um assalto nas proximidades Tr\u00eas suspeitos foram detidos pela Guarda Civil Municipal (GCM) de Suzano, na \u00faltima quarta-feira (18\/12), por volta das 22h15, portando uma arma de press\u00e3o. De acordo com os agentes que atenderam o caso, dois deles, [&hellip;]<\/p>\n","protected":false},"author":1,"featured_media":22528,"comment_status":"open","ping_status":"open","sticky":false,"template":"","format":"standard","meta":{"footnotes":""},"categories":[9],"tags":[],"class_list":{"0":"post-22527","1":"post","2":"type-post","3":"status-publish","4":"format-standard","5":"has-post-thumbnail","7":"category-suzano"},"_links":{"self":[{"href":"https:\/\/jm-metropole.com.br\/site\/wp-json\/wp\/v2\/posts\/22527","targetHints":{"allow":["GET"]}}],"collection":[{"href":"https:\/\/jm-metropole.com.br\/site\/wp-json\/wp\/v2\/posts"}],"about":[{"href":"https:\/\/jm-metropole.com.br\/site\/wp-json\/wp\/v2\/types\/post"}],"author":[{"embeddable":true,"href":"https:\/\/jm-metropole.com.br\/site\/wp-json\/wp\/v2\/users\/1"}],"replies":[{"embeddable":true,"href":"https:\/\/jm-metropole.com.br\/site\/wp-json\/wp\/v2\/comments?post=22527"}],"version-history":[{"count":1,"href":"https:\/\/jm-metropole.com.br\/site\/wp-json\/wp\/v2\/posts\/22527\/revisions"}],"predecessor-version":[{"id":22529,"href":"https:\/\/jm-metropole.com.br\/site\/wp-json\/wp\/v2\/posts\/22527\/revisions\/22529"}],"wp:featuredmedia":[{"embeddable":true,"href":"https:\/\/jm-metropole.com.br\/site\/wp-json\/wp\/v2\/media\/22528"}],"wp:attachment":[{"href":"https:\/\/jm-metropole.com.br\/site\/wp-json\/wp\/v2\/media?parent=22527"}],"wp:term":[{"taxonomy":"category","embeddable":true,"href":"https:\/\/jm-metropole.com.br\/site\/wp-json\/wp\/v2\/categories?post=22527"},{"taxonomy":"post_tag","embeddable":true,"href":"https:\/\/jm-metropole.com.br\/site\/wp-json\/wp\/v2\/tags?post=22527"}],"curies":[{"name":"wp","href":"https:\/\/api.w.org\/{rel}","templated":true}]}}