{"id":22515,"date":"2024-12-20T17:56:43","date_gmt":"2024-12-20T20:56:43","guid":{"rendered":"https:\/\/jm-metropole.com.br\/site\/?p=22515"},"modified":"2024-12-20T17:56:43","modified_gmt":"2024-12-20T20:56:43","slug":"pacientes-da-ubs-marinopolis-serao-atendidos-em-outras-unidades-a-partir-de-segunda-feira","status":"publish","type":"post","link":"https:\/\/jm-metropole.com.br\/site\/pacientes-da-ubs-marinopolis-serao-atendidos-em-outras-unidades-a-partir-de-segunda-feira\/","title":{"rendered":"Pacientes da UBS Marin\u00f3polis ser\u00e3o atendidos em outras unidades a partir de segunda-feira"},"content":{"rendered":"<p>A Unidade B\u00e1sica de Sa\u00fade (UBS) Marin\u00f3polis, que est\u00e1 em reforma, entrar\u00e1 em uma nova fase a partir da pr\u00f3xima segunda-feira (23), o que exige a reorganiza\u00e7\u00e3o de seus servi\u00e7os. Durante esse per\u00edodo os usu\u00e1rios ser\u00e3o direcionados a outras unidades de sa\u00fade da regi\u00e3o, de acordo com a necessidade de cada atendimento.<br \/>\nA sala de vacina ser\u00e1 transferida para a UBS Inocoop, enquanto que os procedimentos de enfermagem e curativos passar\u00e3o a ser realizados na UBS Allan Kardec. J\u00e1 os atendimentos m\u00e9dicos ser\u00e3o divididos entre essas duas unidades: dois m\u00e9dicos atender\u00e3o na UBS Inocoop e um profissional ficar\u00e1 na UBS Allan Kardec, sendo que a UBS Marin\u00f3polis informar\u00e1 aos usu\u00e1rios, com anteced\u00eancia, o local exato do atendimento.<br \/>\nA dispensa\u00e7\u00e3o de insumos ser\u00e1 realizada no Caps II Arco-\u00cdris, seguindo o cronograma da UBS Marin\u00f3polis. Os atendimentos odontol\u00f3gicos ocorrer\u00e3o de segunda a sexta-feira na UBS Presidente Dutra, exceto nas tardes de ter\u00e7a e sexta-feira, quando ser\u00e3o realizados na UBS Inocoop.<br \/>\nApesar dessas mudan\u00e7as, alguns servi\u00e7os continuar\u00e3o sendo oferecidos na UBS Marin\u00f3polis. Entre eles est\u00e3o a coleta de exames laboratoriais, atendimentos na farm\u00e1cia no per\u00edodo das 7h \u00e0s 13h, administra\u00e7\u00e3o e ger\u00eancia da unidade, testes r\u00e1pidos de gravidez, abertura de pr\u00e9-natal e a recep\u00e7\u00e3o.<br \/>\nA Secretaria da Sa\u00fade conta com a compreens\u00e3o de todos e refor\u00e7a que essas mudan\u00e7as s\u00e3o necess\u00e1rias para oferecer uma estrutura mais moderna e melhorar a qualidade dos servi\u00e7os prestados pela UBS Marin\u00f3polis. A previs\u00e3o de conclus\u00e3o da reforma \u00e9 mar\u00e7o de 2025. Para obter mais informa\u00e7\u00f5es os usu\u00e1rios podem procurar a recep\u00e7\u00e3o da unidade.<br \/>\nServi\u00e7o<br \/>\nUBS Inocoop: rua Elias Dabarian, 310 &#8211; Parque Residencial Cumbica<br \/>\nUBS Allan Kardec: rua Ipacaeta, 51 &#8211; Jardim Presidente Dutra<br \/>\nCaps II Arco-\u00cdris: rua Nova Cana\u00e3, 539 &#8211; S\u00e3o Jo\u00e3o \/ Bonsucesso<br \/>\nUBS Jardim Presidente Dutra: rua Nova Yorque, 375 &#8211; Jardim Presidente Dutra<br \/>\nUBS Marin\u00f3polis: rua Marin\u00f3polis, 546 &#8211; Jardim Presidente Dutra<\/p>\n","protected":false},"excerpt":{"rendered":"<p>A Unidade B\u00e1sica de Sa\u00fade (UBS) Marin\u00f3polis, que est\u00e1 em reforma, entrar\u00e1 em uma nova fase a partir da pr\u00f3xima segunda-feira (23), o que exige a reorganiza\u00e7\u00e3o de seus servi\u00e7os. Durante esse per\u00edodo os usu\u00e1rios ser\u00e3o direcionados a outras unidades de sa\u00fade da regi\u00e3o, de acordo com a necessidade de cada atendimento. A sala de [&hellip;]<\/p>\n","protected":false},"author":1,"featured_media":22516,"comment_status":"open","ping_status":"open","sticky":false,"template":"","format":"standard","meta":{"footnotes":""},"categories":[3],"tags":[],"class_list":{"0":"post-22515","1":"post","2":"type-post","3":"status-publish","4":"format-standard","5":"has-post-thumbnail","7":"category-guarulhos"},"_links":{"self":[{"href":"https:\/\/jm-metropole.com.br\/site\/wp-json\/wp\/v2\/posts\/22515","targetHints":{"allow":["GET"]}}],"collection":[{"href":"https:\/\/jm-metropole.com.br\/site\/wp-json\/wp\/v2\/posts"}],"about":[{"href":"https:\/\/jm-metropole.com.br\/site\/wp-json\/wp\/v2\/types\/post"}],"author":[{"embeddable":true,"href":"https:\/\/jm-metropole.com.br\/site\/wp-json\/wp\/v2\/users\/1"}],"replies":[{"embeddable":true,"href":"https:\/\/jm-metropole.com.br\/site\/wp-json\/wp\/v2\/comments?post=22515"}],"version-history":[{"count":1,"href":"https:\/\/jm-metropole.com.br\/site\/wp-json\/wp\/v2\/posts\/22515\/revisions"}],"predecessor-version":[{"id":22517,"href":"https:\/\/jm-metropole.com.br\/site\/wp-json\/wp\/v2\/posts\/22515\/revisions\/22517"}],"wp:featuredmedia":[{"embeddable":true,"href":"https:\/\/jm-metropole.com.br\/site\/wp-json\/wp\/v2\/media\/22516"}],"wp:attachment":[{"href":"https:\/\/jm-metropole.com.br\/site\/wp-json\/wp\/v2\/media?parent=22515"}],"wp:term":[{"taxonomy":"category","embeddable":true,"href":"https:\/\/jm-metropole.com.br\/site\/wp-json\/wp\/v2\/categories?post=22515"},{"taxonomy":"post_tag","embeddable":true,"href":"https:\/\/jm-metropole.com.br\/site\/wp-json\/wp\/v2\/tags?post=22515"}],"curies":[{"name":"wp","href":"https:\/\/api.w.org\/{rel}","templated":true}]}}