{"id":22506,"date":"2024-12-20T13:06:38","date_gmt":"2024-12-20T16:06:38","guid":{"rendered":"https:\/\/jm-metropole.com.br\/site\/?p=22506"},"modified":"2024-12-20T13:06:38","modified_gmt":"2024-12-20T16:06:38","slug":"justica-eleitoral-destaca-a-importancia-da-diplomacao-da-primeira-mulher-eleita-prefeita-de-mogi","status":"publish","type":"post","link":"https:\/\/jm-metropole.com.br\/site\/justica-eleitoral-destaca-a-importancia-da-diplomacao-da-primeira-mulher-eleita-prefeita-de-mogi\/","title":{"rendered":"Justi\u00e7a Eleitoral destaca a import\u00e2ncia da diploma\u00e7\u00e3o da primeira mulher eleita prefeita de Mogi"},"content":{"rendered":"<p><em>Mara Bertaiolli e T\u00e9o Cusatis receberam diplomas de prefeita e vice, respectivamente, em cerim\u00f4nia nesta quinta-feira (19\/12)<\/em><\/p>\n<p>&nbsp;<\/p>\n<p>\u201cUm momento que ficar\u00e1 gravado na mem\u00f3ria e na hist\u00f3ria de Mogi das Cruzes\u201d. Assim o juiz Gustavo Alexandre da C\u00e2mara Leal Belluzzo, da 74\u00aa Zona Eleitoral, definiu a cerim\u00f4nia de diploma\u00e7\u00e3o da prefeita eleita Mara Bertaiolli e do seu vice, T\u00e9o Cusatis, nesta quinta-feira (19\/12), no Centro Municipal de Forma\u00e7\u00e3o Pedag\u00f3gica (Cemforpe), no Nova Mogilar.<\/p>\n<p>Belluzzo destaca que o evento, por ele presidido, marca o fim do processo eleitoral. \u201c\u00c9 a primeira vez que, na hist\u00f3ria de Mogi das Cruzes, uma cidade com 464 anos, uma mulher \u00e9 eleita prefeita. Com certeza, esta cerim\u00f4nia representa a vit\u00f3ria da democracia, da diversidade e da confian\u00e7a no potencial de todas as pessoas, independentemente do g\u00eanero, dentro do princ\u00edpio da igualdade. Este \u00e9 o primeiro passo, e s\u00e3o grandes as expectativas e os sonhos que se tornam realidade, rumo ao futuro do desenvolvimento de Mogi e da garantia da qualidade de vida da popula\u00e7\u00e3o\u201d, enfatiza o magistrado.<\/p>\n<p>Para a prefeita eleita Mara Bertaiolli, o senso de responsabilidade \u00e9 grande, assim como a vontade de reconstruir a cidade. \u201cFaremos uma gest\u00e3o com muito compromisso, representando\u00a0 \u00a0vontade das pessoas que acreditam no nosso trabalho e mostrando que n\u00f3s, mulheres, fazemos tudo com efici\u00eancia, compet\u00eancia, humildade e excel\u00eancia. Chegou a hora da mulher comandar a Prefeitura de Mogi das Cruzes\u201d, enfatiza.<\/p>\n<p>A consolida\u00e7\u00e3o do regime democr\u00e1tico tamb\u00e9m foi refor\u00e7ada pelo conselheiro do Tribunal de Contas do Estado de S\u00e3o Paulo, Marco Bertaiolli. \u201cAcompanhando este momento, em que s\u00e3o diplomados os eleitos em um processo justo e democr\u00e1tico, podemos entender que o cidad\u00e3o brasileiro, quando vai \u00e0s urnas, n\u00e3o deposita apenas o n\u00famero de seu candidato, mas tamb\u00e9m a esperan\u00e7a e a vontade que sua vida e da fam\u00edlia sejam melhores. Nestes 464 anos, muitos passaram pelo comando da cidade, dedicando-se a melhorar a vida das pessoas e agora \u00e9 a vez dos novos eleitos acompanharem o desenvolvimento de Mogi com a esperan\u00e7a coletiva de uma cidade melhor para todos. Tenho muito orgulho de ver minha esposa como a primeira mulher prefeita e a certeza que ter\u00e1 muito apoio neste trabalho\u201d, aposta.<\/p>\n<p>Representando o Tribunal de Justi\u00e7a do Estado de S\u00e3o Paulo, o desembargador Jos\u00e9 Elton Diefanth\u00e4ler, relembrou a evolu\u00e7\u00e3o do processo eleitoral. \u201cJ\u00e1 participei de v\u00e1rias elei\u00e7\u00f5es com voto f\u00edsico e hoje estamos na era digital. Nestes eventos eleitorais, apura-se a vontade da na\u00e7\u00e3o. Conhe\u00e7o a Mara (Bertaiolli), que foi professora da minha filha, desde 1990, e posso assegurar que Mogi elegeu bem a primeira mulher a assumir o cargo de prefeita\u201d, avalia<\/p>\n<p>Segundo o vice-prefeito T\u00e9o Cusatis, a diploma\u00e7\u00e3o confirma o resultado das urnas. \u201cNossa equipe est\u00e1 pronta para assumir o desafio, superar todos os obst\u00e1culos \u00e0 frente e fazer uma excelente gest\u00e3o\u201d, aposta.<\/p>\n<p>A mesa da cerim\u00f4nia tamb\u00e9m contou com a presen\u00e7a da ju\u00edza Ana Carmem de Souza Silva, diretora do F\u00f3rum de Mogi das Cruzes; do presidente da C\u00e2mara Municipal, vereador Jos\u00e9 Francim\u00e1rio Vieira de Macedo, o <em>Farofa<\/em>; e do presidente da 17\u00aa Subse\u00e7\u00e3o da Ordem dos Advogados do Brasil (OAB) de Mogi, Dirceu Augusto da C\u00e2mara Valle.<\/p>\n<p>A posse do prefeito, vice e vereadores municipais est\u00e1 marcada para o dia 1\u00ba de janeiro de 2025, \u00e0s 15 horas, na C\u00e2mara Municipal.<\/p>\n<p>&nbsp;<\/p>\n","protected":false},"excerpt":{"rendered":"<p>Mara Bertaiolli e T\u00e9o Cusatis receberam diplomas de prefeita e vice, respectivamente, em cerim\u00f4nia nesta quinta-feira (19\/12) &nbsp; \u201cUm momento que ficar\u00e1 gravado na mem\u00f3ria e na hist\u00f3ria de Mogi das Cruzes\u201d. Assim o juiz Gustavo Alexandre da C\u00e2mara Leal Belluzzo, da 74\u00aa Zona Eleitoral, definiu a cerim\u00f4nia de diploma\u00e7\u00e3o da prefeita eleita Mara Bertaiolli [&hellip;]<\/p>\n","protected":false},"author":1,"featured_media":22507,"comment_status":"open","ping_status":"open","sticky":false,"template":"","format":"standard","meta":{"footnotes":""},"categories":[10],"tags":[],"class_list":{"0":"post-22506","1":"post","2":"type-post","3":"status-publish","4":"format-standard","5":"has-post-thumbnail","7":"category-mogi-das-cruzes"},"_links":{"self":[{"href":"https:\/\/jm-metropole.com.br\/site\/wp-json\/wp\/v2\/posts\/22506","targetHints":{"allow":["GET"]}}],"collection":[{"href":"https:\/\/jm-metropole.com.br\/site\/wp-json\/wp\/v2\/posts"}],"about":[{"href":"https:\/\/jm-metropole.com.br\/site\/wp-json\/wp\/v2\/types\/post"}],"author":[{"embeddable":true,"href":"https:\/\/jm-metropole.com.br\/site\/wp-json\/wp\/v2\/users\/1"}],"replies":[{"embeddable":true,"href":"https:\/\/jm-metropole.com.br\/site\/wp-json\/wp\/v2\/comments?post=22506"}],"version-history":[{"count":1,"href":"https:\/\/jm-metropole.com.br\/site\/wp-json\/wp\/v2\/posts\/22506\/revisions"}],"predecessor-version":[{"id":22508,"href":"https:\/\/jm-metropole.com.br\/site\/wp-json\/wp\/v2\/posts\/22506\/revisions\/22508"}],"wp:featuredmedia":[{"embeddable":true,"href":"https:\/\/jm-metropole.com.br\/site\/wp-json\/wp\/v2\/media\/22507"}],"wp:attachment":[{"href":"https:\/\/jm-metropole.com.br\/site\/wp-json\/wp\/v2\/media?parent=22506"}],"wp:term":[{"taxonomy":"category","embeddable":true,"href":"https:\/\/jm-metropole.com.br\/site\/wp-json\/wp\/v2\/categories?post=22506"},{"taxonomy":"post_tag","embeddable":true,"href":"https:\/\/jm-metropole.com.br\/site\/wp-json\/wp\/v2\/tags?post=22506"}],"curies":[{"name":"wp","href":"https:\/\/api.w.org\/{rel}","templated":true}]}}