{"id":22502,"date":"2024-12-20T07:44:18","date_gmt":"2024-12-20T10:44:18","guid":{"rendered":"https:\/\/jm-metropole.com.br\/site\/?p=22502"},"modified":"2024-12-20T07:44:18","modified_gmt":"2024-12-20T10:44:18","slug":"confira-o-horario-de-funcionamento-dos-parques-de-aruja-neste-fim-de-ano","status":"publish","type":"post","link":"https:\/\/jm-metropole.com.br\/site\/confira-o-horario-de-funcionamento-dos-parques-de-aruja-neste-fim-de-ano\/","title":{"rendered":"CONFIRA O HOR\u00c1RIO DE FUNCIONAMENTO DOS PARQUES DE ARUJ\u00c1 NESTE FIM DE ANO"},"content":{"rendered":"<p>Neste final de ano, os parques municipais de Aruj\u00e1 ter\u00e3o hor\u00e1rios especiais de funcionamento. O Parque Cidade Natureza, a Pra\u00e7a da Juventude e o Parque dos Ip\u00eas estar\u00e3o abertos nos dias 23 e 30 de dezembro. No entanto, as unidades estar\u00e3o fechadas nos dias 24, 25, 31 e 01 de dezembro.<\/p>\n<p>J\u00e1 nos dias 26 de dezembro, 2 de janeiro e nos demais dias do per\u00edodo, os parques funcionar\u00e3o normalmente. A Prefeitura refor\u00e7a o convite para que a popula\u00e7\u00e3o aproveite as \u00e1reas verdes e de lazer, promovendo qualidade de vida e bem-estar para toda a fam\u00edlia.<\/p>\n","protected":false},"excerpt":{"rendered":"<p>Neste final de ano, os parques municipais de Aruj\u00e1 ter\u00e3o hor\u00e1rios especiais de funcionamento. O Parque Cidade Natureza, a Pra\u00e7a da Juventude e o Parque dos Ip\u00eas estar\u00e3o abertos nos dias 23 e 30 de dezembro. No entanto, as unidades estar\u00e3o fechadas nos dias 24, 25, 31 e 01 de dezembro. J\u00e1 nos dias 26 [&hellip;]<\/p>\n","protected":false},"author":1,"featured_media":22504,"comment_status":"open","ping_status":"open","sticky":false,"template":"","format":"standard","meta":{"footnotes":""},"categories":[1],"tags":[],"class_list":{"0":"post-22502","1":"post","2":"type-post","3":"status-publish","4":"format-standard","5":"has-post-thumbnail","7":"category-tudo"},"_links":{"self":[{"href":"https:\/\/jm-metropole.com.br\/site\/wp-json\/wp\/v2\/posts\/22502","targetHints":{"allow":["GET"]}}],"collection":[{"href":"https:\/\/jm-metropole.com.br\/site\/wp-json\/wp\/v2\/posts"}],"about":[{"href":"https:\/\/jm-metropole.com.br\/site\/wp-json\/wp\/v2\/types\/post"}],"author":[{"embeddable":true,"href":"https:\/\/jm-metropole.com.br\/site\/wp-json\/wp\/v2\/users\/1"}],"replies":[{"embeddable":true,"href":"https:\/\/jm-metropole.com.br\/site\/wp-json\/wp\/v2\/comments?post=22502"}],"version-history":[{"count":1,"href":"https:\/\/jm-metropole.com.br\/site\/wp-json\/wp\/v2\/posts\/22502\/revisions"}],"predecessor-version":[{"id":22505,"href":"https:\/\/jm-metropole.com.br\/site\/wp-json\/wp\/v2\/posts\/22502\/revisions\/22505"}],"wp:featuredmedia":[{"embeddable":true,"href":"https:\/\/jm-metropole.com.br\/site\/wp-json\/wp\/v2\/media\/22504"}],"wp:attachment":[{"href":"https:\/\/jm-metropole.com.br\/site\/wp-json\/wp\/v2\/media?parent=22502"}],"wp:term":[{"taxonomy":"category","embeddable":true,"href":"https:\/\/jm-metropole.com.br\/site\/wp-json\/wp\/v2\/categories?post=22502"},{"taxonomy":"post_tag","embeddable":true,"href":"https:\/\/jm-metropole.com.br\/site\/wp-json\/wp\/v2\/tags?post=22502"}],"curies":[{"name":"wp","href":"https:\/\/api.w.org\/{rel}","templated":true}]}}