{"id":22498,"date":"2024-12-20T07:39:38","date_gmt":"2024-12-20T10:39:38","guid":{"rendered":"https:\/\/jm-metropole.com.br\/site\/?p=22498"},"modified":"2024-12-20T07:39:38","modified_gmt":"2024-12-20T10:39:38","slug":"confira-o-que-abre-e-o-que-fecha-nos-feriados-de-natal-e-ano-novo","status":"publish","type":"post","link":"https:\/\/jm-metropole.com.br\/site\/confira-o-que-abre-e-o-que-fecha-nos-feriados-de-natal-e-ano-novo\/","title":{"rendered":"CONFIRA O QUE ABRE E O QUE FECHA NOS FERIADOS DE NATAL E ANO NOVO"},"content":{"rendered":"<p>A Prefeitura de Aruj\u00e1 e outros departamentos da Administra\u00e7\u00e3o Municipal n\u00e3o ter\u00e3o expediente na ter\u00e7a (24) e na quarta-feira (25), bem como na ter\u00e7a (31) e quarta-feira (01), durante os feriados de Natal e Ano Novo. O trabalho nas reparti\u00e7\u00f5es p\u00fablicas voltar\u00e1 ao normal nas quintas-feiras (26 e 02), logo pela manh\u00e3.<\/p>\n<p>Na Sa\u00fade, as Unidades B\u00e1sicas de Sa\u00fade (UBSs) n\u00e3o funcionar\u00e3o nas ter\u00e7as (24 e 31) e quartas-feiras (25 e 01), mas o Pronto Atendimento Municipal (PAM) Barreto, o Pronto Atendimento (PA) Central e o Pr\u00f3-Crian\u00e7a na esquina da rua Pedro de Toledo com a rua Carlos de Campos, na \u00e1rea central, atendem 24 horas.<\/p>\n<p>A rede municipal de ensino tamb\u00e9m n\u00e3o ter\u00e1 expediente nos feriados, visto que se encontra no per\u00edodo de f\u00e9rias escolares.<\/p>\n<p>Os parques municipais de Aruj\u00e1 ter\u00e3o hor\u00e1rios especiais no final de ano. O Parque Cidade Natureza, Pra\u00e7a da Juventude e Parque dos Ip\u00eas estar\u00e3o abertos nos dias 23 e 30 de dezembro, mas fechados nos dias 24, 25 e 31 de dezembro e 01 de janeiro. J\u00e1 nos dias 26 de dezembro, 2 de janeiro e demais dias, os parques funcionar\u00e3o normalmente.<\/p>\n<p>As lot\u00e9ricas funcionam no dia 24 at\u00e9 \u00e0s 12h e no dia 31 funcionam normalmente, folgando nos dias 25 e 01. Os Correios folgar\u00e3o apenas nos dias 25 e 01 e os bancos funcionar\u00e3o na ter\u00e7a (24), das 09 \u00e0s 11, e no dia 31 n\u00e3o haver\u00e1 expediente, assim como nas quartas-feiras (25 e 01). O Procon segue o mesmo cronograma da Prefeitura. A ag\u00eancia do INSS funcionar\u00e1 normalmente nos dias 24 e 31, das 07 \u00e0s 13h, enquanto o Poupatempo realizar\u00e1 atendimentos no dia 24 at\u00e9 as 12h, fechando nos dia 25, 31 e 01.<\/p>\n<p>A ag\u00eancia da Sabesp realizar\u00e1 atendimentos at\u00e9 \u00e0s 12h do dia 24 e n\u00e3o ter\u00e1 expediente em sua ag\u00eancia nos dias 25, 31 e 01, tendo dispon\u00edvel o atendimento de emerg\u00eancia pelo 0800 011 9911, retornando o funcionamento do posto de atendimento nas quintas-feiras (26 e 02). J\u00e1 a Elektro segue o mesmo cronograma da Sabesp e, para os servi\u00e7os de emerg\u00eancia, como manuten\u00e7\u00f5es, o telefone \u00e9 o 0800 701 01 03. A coleta de lixo funciona em hor\u00e1rio ampliado, para atender o aumento da demanda decorrente das festas de final de ano e n\u00e3o funcionar\u00e1 apenas nos dias 25 e 31.<\/p>\n<p>J\u00e1 a feira livre que \u00e9 realizada \u00e0s quartas-feiras no Mirante (rua Serra de Pacatuba), que caem no dia 25 e 01, ser\u00e3o realizadas nos dias 24 e 31.<\/p>\n","protected":false},"excerpt":{"rendered":"<p>A Prefeitura de Aruj\u00e1 e outros departamentos da Administra\u00e7\u00e3o Municipal n\u00e3o ter\u00e3o expediente na ter\u00e7a (24) e na quarta-feira (25), bem como na ter\u00e7a (31) e quarta-feira (01), durante os feriados de Natal e Ano Novo. O trabalho nas reparti\u00e7\u00f5es p\u00fablicas voltar\u00e1 ao normal nas quintas-feiras (26 e 02), logo pela manh\u00e3. Na Sa\u00fade, as [&hellip;]<\/p>\n","protected":false},"author":1,"featured_media":22499,"comment_status":"open","ping_status":"open","sticky":false,"template":"","format":"standard","meta":{"footnotes":""},"categories":[4,48,47],"tags":[],"class_list":{"0":"post-22498","1":"post","2":"type-post","3":"status-publish","4":"format-standard","5":"has-post-thumbnail","7":"category-aruja","8":"category-geral","9":"category-turismo"},"_links":{"self":[{"href":"https:\/\/jm-metropole.com.br\/site\/wp-json\/wp\/v2\/posts\/22498","targetHints":{"allow":["GET"]}}],"collection":[{"href":"https:\/\/jm-metropole.com.br\/site\/wp-json\/wp\/v2\/posts"}],"about":[{"href":"https:\/\/jm-metropole.com.br\/site\/wp-json\/wp\/v2\/types\/post"}],"author":[{"embeddable":true,"href":"https:\/\/jm-metropole.com.br\/site\/wp-json\/wp\/v2\/users\/1"}],"replies":[{"embeddable":true,"href":"https:\/\/jm-metropole.com.br\/site\/wp-json\/wp\/v2\/comments?post=22498"}],"version-history":[{"count":1,"href":"https:\/\/jm-metropole.com.br\/site\/wp-json\/wp\/v2\/posts\/22498\/revisions"}],"predecessor-version":[{"id":22500,"href":"https:\/\/jm-metropole.com.br\/site\/wp-json\/wp\/v2\/posts\/22498\/revisions\/22500"}],"wp:featuredmedia":[{"embeddable":true,"href":"https:\/\/jm-metropole.com.br\/site\/wp-json\/wp\/v2\/media\/22499"}],"wp:attachment":[{"href":"https:\/\/jm-metropole.com.br\/site\/wp-json\/wp\/v2\/media?parent=22498"}],"wp:term":[{"taxonomy":"category","embeddable":true,"href":"https:\/\/jm-metropole.com.br\/site\/wp-json\/wp\/v2\/categories?post=22498"},{"taxonomy":"post_tag","embeddable":true,"href":"https:\/\/jm-metropole.com.br\/site\/wp-json\/wp\/v2\/tags?post=22498"}],"curies":[{"name":"wp","href":"https:\/\/api.w.org\/{rel}","templated":true}]}}