{"id":22495,"date":"2024-12-20T07:36:26","date_gmt":"2024-12-20T10:36:26","guid":{"rendered":"https:\/\/jm-metropole.com.br\/site\/?p=22495"},"modified":"2024-12-20T07:36:26","modified_gmt":"2024-12-20T10:36:26","slug":"destaque-do-sao-caetano-fala-sobre-a-temporada-2024","status":"publish","type":"post","link":"https:\/\/jm-metropole.com.br\/site\/destaque-do-sao-caetano-fala-sobre-a-temporada-2024\/","title":{"rendered":"Destaque do S\u00e3o Caetano fala sobre a temporada 2024"},"content":{"rendered":"<p>Conhecido pela habilidade e t\u00e9cnica dentro de campo, o atacante S\u00e1vio Santos, de 24 anos, foi um dos destaques do S\u00e3o Caetano em 2024.<\/p>\n<p>No Campeonato Paulista A3, S\u00e1vio, atuou como titular em 13 jogos, alcan\u00e7ando a marca de 5 gols. Pela Copa Paulista foram 23 jogos, 603 minutos em campo e 2 gols marcados.<\/p>\n<p>\u201cAgrade\u00e7o imensamente a Deus e tamb\u00e9m \u00e0 todos aqueles que me apoiaram at\u00e9 aqui. Foi um per\u00edodo de desafios e conquistas. Tenho certeza que em 2025 ser\u00e1 ainda melhor\u201d, afirma S\u00e1vio.<\/p>\n<p>Carreira profissional<br \/>\nS\u00e1vio iniciou sua carreira em 2015 pelas categorias de base do Gr\u00eamio, onde atuou junto ao elenco Sub 15, 17, 19 e 20. Ap\u00f3s encerrar o contrato com o clube de Porto Alegre, atuou em 2020 pelo S\u00e3o Bento, Botafogo \u2013 PB (2021), Mineiros Zateca (2021 \u2013 2022), Al \u2013 Kamarah e S\u00e3o Jos\u00e9.<\/p>\n","protected":false},"excerpt":{"rendered":"<p>Conhecido pela habilidade e t\u00e9cnica dentro de campo, o atacante S\u00e1vio Santos, de 24 anos, foi um dos destaques do S\u00e3o Caetano em 2024. No Campeonato Paulista A3, S\u00e1vio, atuou como titular em 13 jogos, alcan\u00e7ando a marca de 5 gols. Pela Copa Paulista foram 23 jogos, 603 minutos em campo e 2 gols marcados. [&hellip;]<\/p>\n","protected":false},"author":1,"featured_media":22496,"comment_status":"open","ping_status":"open","sticky":false,"template":"","format":"standard","meta":{"footnotes":""},"categories":[12],"tags":[],"class_list":{"0":"post-22495","1":"post","2":"type-post","3":"status-publish","4":"format-standard","5":"has-post-thumbnail","7":"category-esporte"},"_links":{"self":[{"href":"https:\/\/jm-metropole.com.br\/site\/wp-json\/wp\/v2\/posts\/22495","targetHints":{"allow":["GET"]}}],"collection":[{"href":"https:\/\/jm-metropole.com.br\/site\/wp-json\/wp\/v2\/posts"}],"about":[{"href":"https:\/\/jm-metropole.com.br\/site\/wp-json\/wp\/v2\/types\/post"}],"author":[{"embeddable":true,"href":"https:\/\/jm-metropole.com.br\/site\/wp-json\/wp\/v2\/users\/1"}],"replies":[{"embeddable":true,"href":"https:\/\/jm-metropole.com.br\/site\/wp-json\/wp\/v2\/comments?post=22495"}],"version-history":[{"count":1,"href":"https:\/\/jm-metropole.com.br\/site\/wp-json\/wp\/v2\/posts\/22495\/revisions"}],"predecessor-version":[{"id":22497,"href":"https:\/\/jm-metropole.com.br\/site\/wp-json\/wp\/v2\/posts\/22495\/revisions\/22497"}],"wp:featuredmedia":[{"embeddable":true,"href":"https:\/\/jm-metropole.com.br\/site\/wp-json\/wp\/v2\/media\/22496"}],"wp:attachment":[{"href":"https:\/\/jm-metropole.com.br\/site\/wp-json\/wp\/v2\/media?parent=22495"}],"wp:term":[{"taxonomy":"category","embeddable":true,"href":"https:\/\/jm-metropole.com.br\/site\/wp-json\/wp\/v2\/categories?post=22495"},{"taxonomy":"post_tag","embeddable":true,"href":"https:\/\/jm-metropole.com.br\/site\/wp-json\/wp\/v2\/tags?post=22495"}],"curies":[{"name":"wp","href":"https:\/\/api.w.org\/{rel}","templated":true}]}}