{"id":22489,"date":"2024-12-19T16:01:55","date_gmt":"2024-12-19T19:01:55","guid":{"rendered":"https:\/\/jm-metropole.com.br\/site\/?p=22489"},"modified":"2024-12-19T16:05:07","modified_gmt":"2024-12-19T19:05:07","slug":"juliana-daniel-assumira-a-secretaria-de-assistencia-social-em-aruja-em-2025","status":"publish","type":"post","link":"https:\/\/jm-metropole.com.br\/site\/juliana-daniel-assumira-a-secretaria-de-assistencia-social-em-aruja-em-2025\/","title":{"rendered":"JULIANA DANIEL assumir\u00e1 a Secretaria de Assist\u00eancia Social em Aruj\u00e1 em 2025"},"content":{"rendered":"<p>Forma\u00e7\u00e3o Acad\u00eamica:<\/p>\n<p>Gradua\u00e7\u00e3o<br \/>\n&#8211; Psicologia, Universidade de Mogi das Cruzes (UMC)<br \/>\n&#8211; Servi\u00e7o Social, Faculdade Paulista de Servi\u00e7o Social (FAPSS\/SP)<\/p>\n<p>Capacita\u00e7\u00f5es e Participa\u00e7\u00f5es<br \/>\n. Curso Nacional de Sa\u00fade Mental e Aten\u00e7\u00e3o Psicossocial na Covid-19 (Fiocruz\/EAD)<br \/>\n. A\u00e7\u00e3o Estrat\u00e9gica &#8220;O Brasil conta comigo&#8221; &#8211; Profissionais da Sa\u00fade<br \/>\n. 2\u00ba Encontro de Vigil\u00e2ncia Socioassistencial do Alto Tiet\u00ea<br \/>\n. Semin\u00e1rio: &#8220;Aspectos Pr\u00e1ticos do Enfrentamento \u00e0 Viol\u00eancia contra a Mulher&#8221;<br \/>\n. 1\u00aa Semana de Forma\u00e7\u00e3o de Facilitadores de Educa\u00e7\u00e3o Financeira do Programa Federal Futuro na M\u00e3o<br \/>\n. S\u00e9rie Dialogando 2017: Refer\u00eancia e Contrarrefer\u00eancia &#8211; Prote\u00e7\u00f5es Sociais B\u00e1sica e Especial<br \/>\n. Curso sobre Preenchimento do Prontu\u00e1rio SUAS<br \/>\n. Confer\u00eancias de Assist\u00eancia Social do Munic\u00edpio de Aruj\u00e1<\/p>\n<p>Experi\u00eancia Profissional<br \/>\n. Prefeitura Municipal de Aruj\u00e1 (2014-2018)<br \/>\n&#8211; Assistente Social (CRAS): atendimentos individuais, grupos socioeducativos, visitas domiciliares, coordena\u00e7\u00e3o de programas.<br \/>\n&#8211; Assistente Social (CREAS): atendimentos individuais, visitas domiciliares, atendimentos a popula\u00e7\u00e3o em situa\u00e7\u00e3o de rua.<br \/>\n. C\u00e2mara Municipal de Aruj\u00e1 (2013)<br \/>\n&#8211; Assessor Parlamentar Chefe: organiza\u00e7\u00e3o de agenda, emiss\u00e3o de requerimentos.<br \/>\nEmpresa:<br \/>\n&#8211; Auxiliar de Escrit\u00f3rio: emiss\u00e3o de notas fiscais, cobran\u00e7a de boletos em loja automotiva.<br \/>\n. CAPS &#8211; Centro de Aten\u00e7\u00e3o Psicossocial (2011-2012)<br \/>\n&#8211; Atendente: organiza\u00e7\u00e3o de agenda, marca\u00e7\u00e3o de consultas.<\/p>\n<p>Est\u00e1gios<br \/>\n. A\u00e7\u00e3o Comunit\u00e1ria S\u00e3o Jos\u00e9 Oper\u00e1rio (2012-2013)<br \/>\n. Irmandade Santa Casa de Miseric\u00f3rdia de S\u00e3o Paulo (2011)<\/p>\n","protected":false},"excerpt":{"rendered":"<p>Forma\u00e7\u00e3o Acad\u00eamica: Gradua\u00e7\u00e3o &#8211; Psicologia, Universidade de Mogi das Cruzes (UMC) &#8211; Servi\u00e7o Social, Faculdade Paulista de Servi\u00e7o Social (FAPSS\/SP) Capacita\u00e7\u00f5es e Participa\u00e7\u00f5es . Curso Nacional de Sa\u00fade Mental e Aten\u00e7\u00e3o Psicossocial na Covid-19 (Fiocruz\/EAD) . A\u00e7\u00e3o Estrat\u00e9gica &#8220;O Brasil conta comigo&#8221; &#8211; Profissionais da Sa\u00fade . 2\u00ba Encontro de Vigil\u00e2ncia Socioassistencial do Alto Tiet\u00ea [&hellip;]<\/p>\n","protected":false},"author":1,"featured_media":22490,"comment_status":"open","ping_status":"open","sticky":false,"template":"","format":"standard","meta":{"footnotes":""},"categories":[4],"tags":[],"class_list":{"0":"post-22489","1":"post","2":"type-post","3":"status-publish","4":"format-standard","5":"has-post-thumbnail","7":"category-aruja"},"_links":{"self":[{"href":"https:\/\/jm-metropole.com.br\/site\/wp-json\/wp\/v2\/posts\/22489","targetHints":{"allow":["GET"]}}],"collection":[{"href":"https:\/\/jm-metropole.com.br\/site\/wp-json\/wp\/v2\/posts"}],"about":[{"href":"https:\/\/jm-metropole.com.br\/site\/wp-json\/wp\/v2\/types\/post"}],"author":[{"embeddable":true,"href":"https:\/\/jm-metropole.com.br\/site\/wp-json\/wp\/v2\/users\/1"}],"replies":[{"embeddable":true,"href":"https:\/\/jm-metropole.com.br\/site\/wp-json\/wp\/v2\/comments?post=22489"}],"version-history":[{"count":1,"href":"https:\/\/jm-metropole.com.br\/site\/wp-json\/wp\/v2\/posts\/22489\/revisions"}],"predecessor-version":[{"id":22491,"href":"https:\/\/jm-metropole.com.br\/site\/wp-json\/wp\/v2\/posts\/22489\/revisions\/22491"}],"wp:featuredmedia":[{"embeddable":true,"href":"https:\/\/jm-metropole.com.br\/site\/wp-json\/wp\/v2\/media\/22490"}],"wp:attachment":[{"href":"https:\/\/jm-metropole.com.br\/site\/wp-json\/wp\/v2\/media?parent=22489"}],"wp:term":[{"taxonomy":"category","embeddable":true,"href":"https:\/\/jm-metropole.com.br\/site\/wp-json\/wp\/v2\/categories?post=22489"},{"taxonomy":"post_tag","embeddable":true,"href":"https:\/\/jm-metropole.com.br\/site\/wp-json\/wp\/v2\/tags?post=22489"}],"curies":[{"name":"wp","href":"https:\/\/api.w.org\/{rel}","templated":true}]}}