{"id":22486,"date":"2024-12-19T15:59:49","date_gmt":"2024-12-19T18:59:49","guid":{"rendered":"https:\/\/jm-metropole.com.br\/site\/?p=22486"},"modified":"2024-12-19T19:29:48","modified_gmt":"2024-12-19T22:29:48","slug":"renato-swensson-neto-sera-o-novo-secretario-de-assuntos-juridicos-de-aruja-em-2025","status":"publish","type":"post","link":"https:\/\/jm-metropole.com.br\/site\/renato-swensson-neto-sera-o-novo-secretario-de-assuntos-juridicos-de-aruja-em-2025\/","title":{"rendered":"PROFESSOR ALDO BOTANA ser\u00e1 o secret\u00e1rio de Educa\u00e7\u00e3o de Aruj\u00e1 em 2025"},"content":{"rendered":"<p>Aldo Botana Menezes \u00e9 professor e advogado h\u00e1 mais 20 anos, com Gradua\u00e7\u00f5es: Direito e Ci\u00eancias Sociais, P\u00f3s-Doutorado: Coimbra e Doutorado e Mestrado: PUC-SP.<br \/>\nExperi\u00eancia na Administra\u00e7\u00e3o P\u00fablica: Secretaria de Estado da Educa\u00e7\u00e3o de S\u00e3o Paulo; Secretaria de Esportes e Turismo do Estado de S\u00e3o Paulo; Secretaria Municipal de Meio Ambiente de Guarulhos- SP.<br \/>\nPossui experi\u00eancia em linhas de pesquisas relacionadas a pol\u00edticas p\u00fablicas, cidadania e dignidade humana.<\/p>\n","protected":false},"excerpt":{"rendered":"<p>Aldo Botana Menezes \u00e9 professor e advogado h\u00e1 mais 20 anos, com Gradua\u00e7\u00f5es: Direito e Ci\u00eancias Sociais, P\u00f3s-Doutorado: Coimbra e Doutorado e Mestrado: PUC-SP. Experi\u00eancia na Administra\u00e7\u00e3o P\u00fablica: Secretaria de Estado da Educa\u00e7\u00e3o de S\u00e3o Paulo; Secretaria de Esportes e Turismo do Estado de S\u00e3o Paulo; Secretaria Municipal de Meio Ambiente de Guarulhos- SP. Possui [&hellip;]<\/p>\n","protected":false},"author":1,"featured_media":22487,"comment_status":"open","ping_status":"open","sticky":false,"template":"","format":"standard","meta":{"footnotes":""},"categories":[4,48,47],"tags":[],"class_list":{"0":"post-22486","1":"post","2":"type-post","3":"status-publish","4":"format-standard","5":"has-post-thumbnail","7":"category-aruja","8":"category-geral","9":"category-turismo"},"_links":{"self":[{"href":"https:\/\/jm-metropole.com.br\/site\/wp-json\/wp\/v2\/posts\/22486","targetHints":{"allow":["GET"]}}],"collection":[{"href":"https:\/\/jm-metropole.com.br\/site\/wp-json\/wp\/v2\/posts"}],"about":[{"href":"https:\/\/jm-metropole.com.br\/site\/wp-json\/wp\/v2\/types\/post"}],"author":[{"embeddable":true,"href":"https:\/\/jm-metropole.com.br\/site\/wp-json\/wp\/v2\/users\/1"}],"replies":[{"embeddable":true,"href":"https:\/\/jm-metropole.com.br\/site\/wp-json\/wp\/v2\/comments?post=22486"}],"version-history":[{"count":3,"href":"https:\/\/jm-metropole.com.br\/site\/wp-json\/wp\/v2\/posts\/22486\/revisions"}],"predecessor-version":[{"id":22493,"href":"https:\/\/jm-metropole.com.br\/site\/wp-json\/wp\/v2\/posts\/22486\/revisions\/22493"}],"wp:featuredmedia":[{"embeddable":true,"href":"https:\/\/jm-metropole.com.br\/site\/wp-json\/wp\/v2\/media\/22487"}],"wp:attachment":[{"href":"https:\/\/jm-metropole.com.br\/site\/wp-json\/wp\/v2\/media?parent=22486"}],"wp:term":[{"taxonomy":"category","embeddable":true,"href":"https:\/\/jm-metropole.com.br\/site\/wp-json\/wp\/v2\/categories?post=22486"},{"taxonomy":"post_tag","embeddable":true,"href":"https:\/\/jm-metropole.com.br\/site\/wp-json\/wp\/v2\/tags?post=22486"}],"curies":[{"name":"wp","href":"https:\/\/api.w.org\/{rel}","templated":true}]}}