{"id":22480,"date":"2024-12-19T15:46:43","date_gmt":"2024-12-19T18:46:43","guid":{"rendered":"https:\/\/jm-metropole.com.br\/site\/?p=22480"},"modified":"2024-12-19T15:46:43","modified_gmt":"2024-12-19T18:46:43","slug":"juvenal-fernando-penteado-sera-o-novo-secretario-do-meio-ambiente-de-aruja-em-2025","status":"publish","type":"post","link":"https:\/\/jm-metropole.com.br\/site\/juvenal-fernando-penteado-sera-o-novo-secretario-do-meio-ambiente-de-aruja-em-2025\/","title":{"rendered":"JUVENAL FERNANDO PENTEADO ser\u00e1 o novo Secret\u00e1rio do Meio Ambiente de Aruj\u00e1 em 2025"},"content":{"rendered":"<p>Nascido em Aruj\u00e1.<br \/>\nForma\u00e7\u00e3o Profissional: Arquiteto e Urbanista, com P\u00f3s-Gradua\u00e7\u00e3o em Ger\u00eancia da Cidade (Gest\u00e3o P\u00fablica) pela FAAP.<br \/>\nServidor P\u00fablico desde 1988, iniciou sua trajet\u00f3ria como Office Boy, atrav\u00e9s de indica\u00e7\u00e3o do Pr\u00f3-Menor (antiga denomina\u00e7\u00e3o da Institui\u00e7\u00e3o Municipal ligada ao bem-estar do menor municipal).<br \/>\nExerceu diversos cargos e fun\u00e7\u00f5es dentro do setor p\u00fablico municipal de Aruj\u00e1:<br \/>\n&#8211; Office Boy (antiga denomina\u00e7\u00e3o)<br \/>\n&#8211; Escritur\u00e1rio A, B, C (antiga denomina\u00e7\u00e3o)<br \/>\n&#8211; Auxiliar e Oficial Administrativo<br \/>\n&#8211; Assessor de Servi\u00e7os<br \/>\n&#8211; Diretor de Departamento (Obras, Planejamento e Habita\u00e7\u00e3o)<br \/>\n&#8211; Secret\u00e1rio Adjunto<br \/>\nAp\u00f3s essas experi\u00eancias, assumiu a gest\u00e3o de v\u00e1rias pastas:<br \/>\n&#8211; Secretaria de Planejamento<br \/>\n&#8211; Secretaria de Meio Ambiente<br \/>\n&#8211; Secretaria de Obras<br \/>\n&#8211; Secretaria de Servi\u00e7os<br \/>\n&#8211; Secretaria de Habita\u00e7\u00e3o<\/p>\n<p>Anteriormente, j\u00e1 conduziu a Secretaria de Meio Ambiente, quando estava vinculada a outra secretaria.<\/p>\n<p>Participou de diversas comiss\u00f5es espec\u00edficas:<br \/>\n&#8211; Comiss\u00e3o de Licita\u00e7\u00e3o<br \/>\n&#8211; EPDA \u2013 Escrit\u00f3rio do Plano Diretor de Aruj\u00e1<br \/>\n&#8211; Comiss\u00e3o de Regulariza\u00e7\u00e3o Fundi\u00e1ria<br \/>\n&#8211; Comiss\u00e3o de Recebimento de Obras<br \/>\n&#8211; Comiss\u00e3o de Avalia\u00e7\u00e3o de Im\u00f3veis<br \/>\nContribuiu efetivamente para a elabora\u00e7\u00e3o de leis, decretos e planos importantes para a cidade de Aruj\u00e1:<br \/>\n&#8211; Plano Diretor Municipal<br \/>\n&#8211; Lei de Zoneamento<br \/>\n&#8211; Parcelamento, Uso e Ocupa\u00e7\u00e3o do Solo<br \/>\n&#8211; Plano de Habita\u00e7\u00e3o<br \/>\n&#8211; Plano de Saneamento<br \/>\nAtualmente, atua como profissional aut\u00f4nomo na assessoria, consultoria e elabora\u00e7\u00e3o de Projetos Urban\u00edsticos de m\u00e9dio e grande porte, na cidade de Aruj\u00e1 e regi\u00e3o.<\/p>\n<p>&nbsp;<\/p>\n","protected":false},"excerpt":{"rendered":"<p>Nascido em Aruj\u00e1. Forma\u00e7\u00e3o Profissional: Arquiteto e Urbanista, com P\u00f3s-Gradua\u00e7\u00e3o em Ger\u00eancia da Cidade (Gest\u00e3o P\u00fablica) pela FAAP. Servidor P\u00fablico desde 1988, iniciou sua trajet\u00f3ria como Office Boy, atrav\u00e9s de indica\u00e7\u00e3o do Pr\u00f3-Menor (antiga denomina\u00e7\u00e3o da Institui\u00e7\u00e3o Municipal ligada ao bem-estar do menor municipal). Exerceu diversos cargos e fun\u00e7\u00f5es dentro do setor p\u00fablico municipal de [&hellip;]<\/p>\n","protected":false},"author":1,"featured_media":22481,"comment_status":"open","ping_status":"open","sticky":false,"template":"","format":"standard","meta":{"footnotes":""},"categories":[4,48,47],"tags":[],"class_list":{"0":"post-22480","1":"post","2":"type-post","3":"status-publish","4":"format-standard","5":"has-post-thumbnail","7":"category-aruja","8":"category-geral","9":"category-turismo"},"_links":{"self":[{"href":"https:\/\/jm-metropole.com.br\/site\/wp-json\/wp\/v2\/posts\/22480","targetHints":{"allow":["GET"]}}],"collection":[{"href":"https:\/\/jm-metropole.com.br\/site\/wp-json\/wp\/v2\/posts"}],"about":[{"href":"https:\/\/jm-metropole.com.br\/site\/wp-json\/wp\/v2\/types\/post"}],"author":[{"embeddable":true,"href":"https:\/\/jm-metropole.com.br\/site\/wp-json\/wp\/v2\/users\/1"}],"replies":[{"embeddable":true,"href":"https:\/\/jm-metropole.com.br\/site\/wp-json\/wp\/v2\/comments?post=22480"}],"version-history":[{"count":1,"href":"https:\/\/jm-metropole.com.br\/site\/wp-json\/wp\/v2\/posts\/22480\/revisions"}],"predecessor-version":[{"id":22482,"href":"https:\/\/jm-metropole.com.br\/site\/wp-json\/wp\/v2\/posts\/22480\/revisions\/22482"}],"wp:featuredmedia":[{"embeddable":true,"href":"https:\/\/jm-metropole.com.br\/site\/wp-json\/wp\/v2\/media\/22481"}],"wp:attachment":[{"href":"https:\/\/jm-metropole.com.br\/site\/wp-json\/wp\/v2\/media?parent=22480"}],"wp:term":[{"taxonomy":"category","embeddable":true,"href":"https:\/\/jm-metropole.com.br\/site\/wp-json\/wp\/v2\/categories?post=22480"},{"taxonomy":"post_tag","embeddable":true,"href":"https:\/\/jm-metropole.com.br\/site\/wp-json\/wp\/v2\/tags?post=22480"}],"curies":[{"name":"wp","href":"https:\/\/api.w.org\/{rel}","templated":true}]}}